{"id":217,"date":"2024-02-19T09:00:00","date_gmt":"2024-02-19T09:00:00","guid":{"rendered":"https:\/\/qrofradia.com\/?p=217"},"modified":"2025-09-16T16:59:27","modified_gmt":"2025-09-16T16:59:27","slug":"libro-vida","status":"publish","type":"post","link":"https:\/\/qrofradia.com\/index.php\/2024\/02\/19\/libro-vida\/","title":{"rendered":"Libro &#8220;VIDA&#8221;"},"content":{"rendered":"\n<!DOCTYPE html>\n<html lang=\"es\">\n<head>\n    <meta charset=\"UTF-8\">\n    <meta name=\"viewport\" content=\"width=device-width, initial-scale=1.0\">\n    <title>An\u00e1lisis Interactivo: El Libro de la Vida de Santa Teresa de Jes\u00fas<\/title>\n    <script src=\"https:\/\/cdn.tailwindcss.com\"><\/script>\n    <script src=\"https:\/\/cdn.jsdelivr.net\/npm\/chart.js\"><\/script>\n    <link rel=\"preconnect\" href=\"https:\/\/fonts.googleapis.com\">\n    <link rel=\"preconnect\" href=\"https:\/\/fonts.gstatic.com\" crossorigin>\n    <link href=\"https:\/\/fonts.googleapis.com\/css2?family=Cormorant+Garamond:wght@400;600;700&#038;family=Lato:wght@400;700&#038;display=swap\" rel=\"stylesheet\">\n    <!-- Chosen Palette: Carmelite Parchment -->\n    <!-- Application Structure Plan: La aplicaci\u00f3n est\u00e1 dise\u00f1ada en torno a cuatro etapas tem\u00e1ticas de la vida y espiritualidad de Santa Teresa, en lugar de una lista lineal de cap\u00edtulos. Esta estructura tem\u00e1tica (Inicios, El Camino de la Oraci\u00f3n, Experiencias M\u00edsticas, Fundaci\u00f3n) permite al usuario comprender la evoluci\u00f3n de su pensamiento y sus experiencias de una manera m\u00e1s hol\u00edstica y coherente. La navegaci\u00f3n principal permite saltar entre estas fases clave. Dentro de cada fase, los res\u00famenes de los cap\u00edtulos se presentan en un formato de acorde\u00f3n para evitar la sobrecarga de informaci\u00f3n, permitiendo al usuario explorar los detalles a su propio ritmo. Se eligi\u00f3 esta estructura para transformar una autobiograf\u00eda densa en un viaje explorable y digerible, priorizando la comprensi\u00f3n conceptual sobre la simple enumeraci\u00f3n. -->\n    <!-- Visualization & Content Choices: \n    - Report Info: Cap\u00edtulos 1-40 del libro. Goal: Organizar y resumir el contenido completo. Viz\/Presentation: Acordeones de cap\u00edtulos agrupados en 4 secciones tem\u00e1ticas. Interaction: Clic para expandir\/colapsar res\u00famenes. Justification: Permite una visi\u00f3n general clara y un desglose detallado a demanda, haciendo el texto accesible. Library\/Method: HTML\/CSS\/JS.\n    - Report Info: Met\u00e1fora de los cuatro grados de oraci\u00f3n (caps. 11-22). Goal: Explicar un concepto central y complejo. Viz\/Presentation: Diagrama interactivo con 4 tarjetas visuales. Interaction: Clic en cada tarjeta para mostrar su descripci\u00f3n detallada. Justification: Visualiza y simplifica una met\u00e1fora abstracta, mejorando significativamente la comprensi\u00f3n. Library\/Method: HTML\/Tailwind\/JS.\n    - Report Info: Temas recurrentes en toda la obra (Oraci\u00f3n, Mercedes, Pecado, etc.). Goal: Mostrar la importancia relativa de los conceptos clave. Viz\/Presentation: Gr\u00e1fico de barras. Interaction: Hover para ver detalles. Justification: Proporciona un an\u00e1lisis cuantitativo r\u00e1pido del enfoque tem\u00e1tico del texto cualitativo. Library\/Method: Chart.js\/Canvas.\n    - CONFIRMATION: NO SVG graphics used. NO Mermaid JS used. -->\n    <style>\n        body {\n            font-family: 'Lato', sans-serif;\n            background-color: #FDFBF5; \n            color: #4F463C;\n        }\n        h1, h2, h3, h4, .font-display {\n            font-family: 'Cormorant Garamond', serif;\n        }\n        .active-nav {\n            background-color: #A16207;\n            color: #FDFBF5;\n        }\n        .content-section {\n            display: none;\n        }\n        .content-section.active {\n            display: block;\n        }\n        .accordion-content {\n            max-height: 0;\n            overflow: hidden;\n            transition: max-height 0.5s ease-in-out;\n        }\n    <\/style>\n<\/head>\n<body class=\"bg-stone-50 text-stone-800\">\n\n    <header class=\"bg-stone-100\/80 backdrop-blur-sm shadow-md sticky top-0 z-50\">\n        <div class=\"container mx-auto px-4 py-4 text-center\">\n            <h1 class=\"text-4xl md:text-5xl font-bold text-amber-900 font-display\">El Libro de la Vida<\/h1>\n            <p class=\"text-xl text-stone-600 font-display\">Un Viaje Interactivo por la Autobiograf\u00eda de Santa Teresa de Jes\u00fas<\/p>\n        <\/div>\n    <\/header>\n\n    <nav class=\"bg-stone-200 shadow-sm sticky top-[88px] md:top-[104px] z-40\">\n        <div class=\"container mx-auto flex flex-wrap justify-center p-2 gap-2\">\n            <button data-target=\"introduccion\" class=\"nav-button px-4 py-2 rounded-md bg-stone-300 hover:bg-amber-800 hover:text-white transition-colors duration-300 active-nav\">Introducci\u00f3n<\/button>\n            <button data-target=\"inicios\" class=\"nav-button px-4 py-2 rounded-md bg-stone-300 hover:bg-amber-800 hover:text-white transition-colors duration-300\">Inicios y Despertar<\/button>\n            <button data-target=\"oracion\" class=\"nav-button px-4 py-2 rounded-md bg-stone-300 hover:bg-amber-800 hover:text-white transition-colors duration-300\">El Camino de la Oraci\u00f3n<\/button>\n            <button data-target=\"misticas\" class=\"nav-button px-4 py-2 rounded-md bg-stone-300 hover:bg-amber-800 hover:text-white transition-colors duration-300\">Experiencias M\u00edsticas<\/button>\n            <button data-target=\"fundacion\" class=\"nav-button px-4 py-2 rounded-md bg-stone-300 hover:bg-amber-800 hover:text-white transition-colors duration-300\">Fundaci\u00f3n y Misi\u00f3n<\/button>\n        <\/div>\n    <\/nav>\n\n    <main class=\"container mx-auto p-4 md:p-8\">\n\n        <section id=\"introduccion\" class=\"content-section active\">\n            <div class=\"bg-white\/70 p-6 rounded-lg shadow-lg\">\n                <h2 class=\"text-3xl font-bold mb-4 text-amber-900 font-display\">Una Autobiograf\u00eda Espiritual<\/h2>\n                <p class=\"mb-4 text-lg text-stone-700\">&#8220;El Libro de la Vida&#8221; es la autobiograf\u00eda espiritual de Santa Teresa de Jes\u00fas, escrita en el siglo XVI por obediencia a sus confesores. En esta obra, narra con profunda sinceridad su vida, desde sus pecados de juventud hasta las m\u00e1s altas experiencias m\u00edsticas que Dios le concedi\u00f3. No es solo un relato de eventos, sino una gu\u00eda profunda sobre el camino de la oraci\u00f3n y la relaci\u00f3n del alma con Dios. Esta aplicaci\u00f3n interactiva desglosa la obra en sus etapas y temas clave para facilitar su comprensi\u00f3n.<\/p>\n                <div class=\"mt-8\">\n                    <h3 class=\"text-2xl font-bold mb-4 text-center text-amber-900 font-display\">Temas Principales en la Obra<\/h3>\n                    <div class=\"chart-container relative mx-auto w-full max-w-2xl h-64 md:h-96\">\n                        <canvas id=\"themesChart\"><\/canvas>\n                    <\/div>\n                    <p class=\"text-center text-sm text-stone-500 mt-2\">Este gr\u00e1fico ilustra la frecuencia de los temas centrales en el libro, mostrando el constante enfoque de Santa Teresa en la oraci\u00f3n y las mercedes divinas como pilares de su vida espiritual.<\/p>\n                <\/div>\n            <\/div>\n        <\/section>\n\n        <section id=\"inicios\" class=\"content-section\">\n            <div class=\"bg-white\/70 p-6 rounded-lg shadow-lg\">\n                <h2 class=\"text-3xl font-bold mb-4 text-amber-900 font-display\">Etapa 1: Inicios y Despertar Espiritual (Cap. 1-10)<\/h2>\n                <p class=\"mb-6 text-lg text-stone-700\">Esta primera secci\u00f3n del libro cubre la infancia de Teresa, su vanidad juvenil, la influencia de su madre y sus lecturas. Narra la enfermedad que la llev\u00f3 al borde de la muerte, su decisi\u00f3n de ingresar en el convento de la Encarnaci\u00f3n y sus primeros a\u00f1os como religiosa, marcados por una lucha interna entre sus deseos mundanos y el llamado de Dios, y su posterior abandono y retorno a la oraci\u00f3n.<\/p>\n                <div id=\"capitulos-inicios\" class=\"space-y-2\"><\/div>\n            <\/div>\n        <\/section>\n\n        <section id=\"oracion\" class=\"content-section\">\n            <div class=\"bg-white\/70 p-6 rounded-lg shadow-lg\">\n                <h2 class=\"text-3xl font-bold mb-4 text-amber-900 font-display\">Etapa 2: El Camino de la Oraci\u00f3n (Cap. 11-22)<\/h2>\n                <p class=\"mb-6 text-lg text-stone-700\">Considerada el coraz\u00f3n del libro, esta secci\u00f3n es un tratado magistral sobre la oraci\u00f3n. Teresa utiliza la famosa alegor\u00eda de las cuatro maneras de regar un huerto para describir los cuatro grados de oraci\u00f3n: la oraci\u00f3n mental, la oraci\u00f3n de quietud, la oraci\u00f3n de uni\u00f3n y el arrobamiento o \u00e9xtasis. Es una gu\u00eda pr\u00e1ctica y profunda para quienes desean avanzar en su vida espiritual, detallando los esfuerzos humanos y la acci\u00f3n divina en cada etapa.<\/p>\n                \n                <h3 class=\"text-2xl font-bold mb-4 text-center text-amber-900 font-display\">Los Cuatro Grados de Oraci\u00f3n<\/h3>\n                <div class=\"grid grid-cols-1 md:grid-cols-2 lg:grid-cols-4 gap-4 text-center\">\n                    <div class=\"oracion-card p-4 bg-stone-100 rounded-lg shadow-md cursor-pointer transition-transform transform hover:scale-105\" data-oracion=\"1\">\n                        <span class=\"text-4xl\">\ud83d\udca7<\/span>\n                        <h4 class=\"font-bold mt-2 font-display text-xl\">1. Sacar Agua del Pozo<\/h4>\n                        <p class=\"text-sm\">(Oraci\u00f3n Mental)<\/p>\n                    <\/div>\n                    <div class=\"oracion-card p-4 bg-stone-100 rounded-lg shadow-md cursor-pointer transition-transform transform hover:scale-105\" data-oracion=\"2\">\n                        <span class=\"text-4xl\">\u2699\ufe0f<\/span>\n                        <h4 class=\"font-bold mt-2 font-display text-xl\">2. Con Noria y Arcabuces<\/h4>\n                        <p class=\"text-sm\">(Oraci\u00f3n de Quietud)<\/p>\n                    <\/div>\n                    <div class=\"oracion-card p-4 bg-stone-100 rounded-lg shadow-md cursor-pointer transition-transform transform hover:scale-105\" data-oracion=\"3\">\n                        <span class=\"text-4xl\">\ud83c\udfde\ufe0f<\/span>\n                        <h4 class=\"font-bold mt-2 font-display text-xl\">3. Regar con R\u00edo o Fuente<\/h4>\n                        <p class=\"text-sm\">(Oraci\u00f3n de Uni\u00f3n)<\/p>\n                    <\/div>\n                    <div class=\"oracion-card p-4 bg-stone-100 rounded-lg shadow-md cursor-pointer transition-transform transform hover:scale-105\" data-oracion=\"4\">\n                        <span class=\"text-4xl\">\ud83c\udf27\ufe0f<\/span>\n                        <h4 class=\"font-bold mt-2 font-display text-xl\">4. Lluvia del Cielo<\/h4>\n                        <p class=\"text-sm\">(\u00c9xtasis o Arrobamiento)<\/p>\n                    <\/div>\n                <\/div>\n                <div id=\"oracion-descripcion\" class=\"mt-6 p-4 bg-amber-50 rounded-lg border border-amber-200 text-stone-700\">\n                    <p>Haz clic en cada grado de oraci\u00f3n para ver su descripci\u00f3n detallada aqu\u00ed.<\/p>\n                <\/div>\n\n                <div id=\"capitulos-oracion\" class=\"space-y-2 mt-8\"><\/div>\n            <\/div>\n        <\/section>\n\n        <section id=\"misticas\" class=\"content-section\">\n            <div class=\"bg-white\/70 p-6 rounded-lg shadow-lg\">\n                <h2 class=\"text-3xl font-bold mb-4 text-amber-900 font-display\">Etapa 3: Experiencias M\u00edsticas y Pruebas (Cap. 23-31)<\/h2>\n                <p class=\"mb-6 text-lg text-stone-700\">En esta parte, Santa Teresa relata las gracias extraordinarias y los fen\u00f3menos m\u00edsticos que comenz\u00f3 a experimentar. Describe con detalle sus visiones, locuciones interiores (palabras que sent\u00eda de Dios), raptos y el famoso episodio de la Transverberaci\u00f3n de su coraz\u00f3n. Tambi\u00e9n habla de las pruebas, tentaciones y el discernimiento de esp\u00edritus, explicando c\u00f3mo aprendi\u00f3 a distinguir las experiencias que ven\u00edan de Dios de las que no.<\/p>\n                <div id=\"capitulos-misticas\" class=\"space-y-2\"><\/div>\n            <\/div>\n        <\/section>\n\n        <section id=\"fundacion\" class=\"content-section\">\n             <div class=\"bg-white\/70 p-6 rounded-lg shadow-lg\">\n                <h2 class=\"text-3xl font-bold mb-4 text-amber-900 font-display\">Etapa 4: La Fundaci\u00f3n de San Jos\u00e9 y Misi\u00f3n (Cap. 32-40)<\/h2>\n                <p class=\"mb-6 text-lg text-stone-700\">La secci\u00f3n final del libro se centra en la obra de la reforma del Carmelo. Movida por una inspiraci\u00f3n divina, Teresa se embarca en la ardua tarea de fundar el primer convento de Carmelitas Descalzas, el de San Jos\u00e9 en \u00c1vila. Narra las innumerables dificultades, oposiciones y pruebas que tuvo que superar, mostrando su faceta de mujer pr\u00e1ctica, decidida y con una confianza inquebrantable en la Providencia divina para llevar a cabo la misi\u00f3n que Dios le hab\u00eda encomendado.<\/p>\n                <div id=\"capitulos-fundacion\" class=\"space-y-2\"><\/div>\n            <\/div>\n        <\/section>\n\n    <\/main>\n\n    <footer class=\"text-center py-6 bg-stone-200 mt-8\">\n        <p class=\"text-stone-600\">Aplicaci\u00f3n creada para el an\u00e1lisis interactivo de &#8220;El Libro de la Vida&#8221;.<\/p>\n    <\/footer>\n\n    <script>\n        const chapterData = {\n            \"inicios\": [\n                { \"cap\": 1, \"titulo\": \"Infancia y virtudes tempranas\", \"resumen\": \"Narra su infancia, la piedad de sus padres y c\u00f3mo, junto a su hermano Rodrigo, jugaba a ser ermita\u00f1a y anhelaba el martirio. Destaca la influencia de su madre y el peligro de las malas compa\u00f1\u00edas y los libros de caballer\u00edas.\" },\n                { \"cap\": 2, \"titulo\": \"Vanidades juveniles y la p\u00e9rdida de la madre\", \"resumen\": \"Describe su adolescencia, marcada por la vanidad, el cuidado de su apariencia y las amistades superficiales. La muerte de su madre la lleva a acogerse a la Virgen como su nueva madre.\" },\n                { \"cap\": 3, \"titulo\": \"En el convento de Gracia y su enfermedad\", \"resumen\": \"Su padre la interna en el convento de Santa Mar\u00eda de Gracia. All\u00ed, aunque inicialmente se resiste, comienza a plantearse la vida religiosa. Una grave enfermedad la obliga a volver a casa.\" },\n                { \"cap\": 4, \"titulo\": \"Decisi\u00f3n de ser monja y entrada en la Encarnaci\u00f3n\", \"resumen\": \"Tras una lucha interior, decide hacerse monja contra el deseo inicial de su padre. Ingresa en el Convento de la Encarnaci\u00f3n de \u00c1vila, experimentando gran alegr\u00eda en su nueva vida.\" },\n                { \"cap\": 5, \"titulo\": \"Grave enfermedad y sufrimiento\", \"resumen\": \"Sufre una enfermedad tan grave que la dan por muerta durante cuatro d\u00edas. Describe los terribles dolores y par\u00e1lisis que padece, y c\u00f3mo la devoci\u00f3n a San Jos\u00e9 le ayuda a sanar.\" },\n                { \"cap\": 6, \"titulo\": \"Paciencia en la enfermedad y la importancia de la oraci\u00f3n\", \"resumen\": \"Reflexiona sobre la paciencia que tuvo durante su larga convalecencia. Habla de la importancia de la oraci\u00f3n y c\u00f3mo los libros espirituales, como el 'Tercer Abecedario' de Osuna, la ayudaron.\" },\n                { \"cap\": 7, \"titulo\": \"Abandono de la oraci\u00f3n y vida relajada\", \"resumen\": \"Confiesa c\u00f3mo, poco a poco, debido a las conversaciones y pasatiempos del locutorio del convento, fue abandonando la oraci\u00f3n mental. Describe este per\u00edodo como el m\u00e1s peligroso de su vida.\" },\n                { \"cap\": 8, \"titulo\": \"El retorno definitivo a la oraci\u00f3n\", \"resumen\": \"Narra su lucha por volver a la oraci\u00f3n, sinti\u00e9ndose indigna. Explica que la oraci\u00f3n es una amistad con Dios y anima a no abandonarla nunca, a pesar de las ca\u00eddas.\" },\n                { \"cap\": 9, \"titulo\": \"La conversi\u00f3n ante una imagen de Cristo\", \"resumen\": \"Un d\u00eda, al ver una imagen de Cristo muy llagado, siente un dolor tan profundo por su ingratitud que se entrega a \u00c9l definitivamente. Esta experiencia marca el inicio de su vida m\u00edstica.\" },\n                { \"cap\": 10, \"titulo\": \"Primeras gracias divinas y el 'Veni Creator'\", \"resumen\": \"Comienza a recibir las primeras mercedes sobrenaturales. Describe c\u00f3mo, rezando el 'Veni Creator Spiritus', experiment\u00f3 un arrobamiento que le ense\u00f1\u00f3 a no ofender a Dios.\" }\n            ],\n            \"oracion\": [\n                { \"cap\": 11, \"titulo\": \"Alegor\u00eda del huerto y los cuatro grados de oraci\u00f3n\", \"resumen\": \"Introduce la famosa met\u00e1fora de las cuatro maneras de regar un huerto para explicar los grados de oraci\u00f3n, desde el esfuerzo humano hasta la total acci\u00f3n divina.\" },\n                { \"cap\": 12, \"titulo\": \"El primer grado: oraci\u00f3n mental\", \"resumen\": \"Describe el primer modo de oraci\u00f3n, que compara con sacar agua de un pozo con mucho trabajo. Se refiere a la meditaci\u00f3n discursiva, que requiere esfuerzo y concentraci\u00f3n.\" },\n                { \"cap\": 13, \"titulo\": \"Consejos para la oraci\u00f3n mental\", \"resumen\": \"Ofrece consejos pr\u00e1cticos para quienes empiezan en la oraci\u00f3n, como la importancia de la humildad, la perseverancia y la necesidad de un maestro espiritual.\" },\n                { \"cap\": 14, \"titulo\": \"El segundo grado: oraci\u00f3n de quietud\", \"resumen\": \"Compara esta etapa con sacar agua con una noria. El alma comienza a experimentar una quietud y un consuelo que no provienen de su propio esfuerzo, sino de la cercan\u00eda de Dios.\" },\n                { \"cap\": 15, \"titulo\": \"Efectos de la oraci\u00f3n de quietud\", \"resumen\": \"Describe los efectos de esta oraci\u00f3n: una gran paz interior, dilataci\u00f3n del alma y un desapego creciente de las cosas del mundo.\" },\n                { \"cap\": 16, \"titulo\": \"El tercer grado: sue\u00f1o de las potencias\", \"resumen\": \"Explica un grado m\u00e1s profundo de la oraci\u00f3n de quietud donde las potencias del alma (entendimiento, memoria, voluntad) quedan como dormidas, absortas en Dios.\" },\n                { \"cap\": 17, \"titulo\": \"La oraci\u00f3n de uni\u00f3n\", \"resumen\": \"Describe el tercer grado de oraci\u00f3n, comparado con regar el huerto con agua de un r\u00edo. Aqu\u00ed, la voluntad est\u00e1 completamente unida a la de Dios, aunque el entendimiento y la memoria a\u00fan pueden actuar.\" },\n                { \"cap\": 18, \"titulo\": \"El cuarto grado: \u00e9xtasis o arrobamiento\", \"resumen\": \"Es el grado supremo, comparado con la lluvia del cielo que riega el huerto sin esfuerzo. El alma es arrebatada por Dios, pierde el sentido de lo exterior y recibe grandes conocimientos y gracias.\" },\n                { \"cap\": 19, \"titulo\": \"Efectos del arrobamiento\", \"resumen\": \"Narra los efectos que esta oraci\u00f3n deja en el alma: un profundo conocimiento de la grandeza de Dios, un gran desprecio por el mundo y un intenso deseo de servir a Dios.\" },\n                { \"cap\": 20, \"titulo\": \"El 'vuelo del esp\u00edritu'\", \"resumen\": \"Describe una experiencia m\u00edstica particular, el 'vuelo del esp\u00edritu', un impulso s\u00fabito y violento que eleva el alma hacia Dios de una manera que no se puede resistir.\" },\n                { \"cap\": 21, \"titulo\": \"El amor de Dios y sus efectos\", \"resumen\": \"Habla del inmenso amor que Dios muestra en estas mercedes y c\u00f3mo este amor transforma al alma, d\u00e1ndole fortaleza y determinaci\u00f3n para sufrir por \u00c9l.\" },\n                { \"cap\": 22, \"titulo\": \"La seguridad del camino y la Humanidad de Cristo\", \"resumen\": \"Insiste en la importancia de no apartarse de la meditaci\u00f3n en la Sagrada Humanidad de Cristo, incluso en los grados m\u00e1s altos de oraci\u00f3n, pues es el camino seguro hacia Dios.\" }\n            ],\n            \"misticas\": [\n                { \"cap\": 23, \"titulo\": \"Determinada determinaci\u00f3n\", \"resumen\": \"Tras recibir estas gracias, toma una 'determinada determinaci\u00f3n' de seguir el camino de la perfecci\u00f3n. Habla de las contradicciones de sus confesores y c\u00f3mo supo que iba por buen camino.\" },\n                { \"cap\": 24, \"titulo\": \"Pruebas y persecuciones\", \"resumen\": \"Narra las cr\u00edticas y juicios que sufri\u00f3 por sus experiencias m\u00edsticas, siendo acusada de estar enga\u00f1ada por el demonio. Encuentra consuelo en el jesuita Padre Baltasar \u00c1lvarez.\" },\n                { \"cap\": 25, \"titulo\": \"Locuciones divinas\", \"resumen\": \"Explica la naturaleza de las locuciones o palabras interiores que recib\u00eda de Dios. Detalla c\u00f3mo distinguirlas de las que provienen de la propia imaginaci\u00f3n o del demonio.\" },\n                { \"cap\": 26, \"titulo\": \"El demonio y sus enga\u00f1os\", \"resumen\": \"Describe c\u00f3mo el demonio intentaba atormentarla y enga\u00f1arla con falsas visiones y tentaciones, y c\u00f3mo aprendi\u00f3 a vencerlo con la cruz y el agua bendita.\" },\n                { \"cap\": 27, \"titulo\": \"Visiones imaginarias y la presencia de Cristo\", \"resumen\": \"Comienza a tener visiones imaginarias (con forma corporal) de la Humanidad de Cristo. Describe la inmensa belleza y majestad de Cristo resucitado.\" },\n                { \"cap\": 28, \"titulo\": \"Visiones intelectuales\", \"resumen\": \"Explica las visiones intelectuales, sin forma ni figura, en las que se le comunicaban verdades profundas, como el misterio de la Sant\u00edsima Trinidad, de una manera clara y directa.\" },\n                { \"cap\": 29, \"titulo\": \"La Transverberaci\u00f3n\", \"resumen\": \"Relata la famosa experiencia m\u00edstica en la que vio a un \u00e1ngel que le traspasaba el coraz\u00f3n con un dardo de fuego, dej\u00e1ndola inflamada en un inmenso amor de Dios.\" },\n                { \"cap\": 30, \"titulo\": \"El deseo del cielo y el sufrimiento en la tierra\", \"resumen\": \"Describe el '\u00edmpetu' o deseo vehemente de morir para unirse a Dios. Habla del sufrimiento de vivir en este 'destierro' y c\u00f3mo todo en la tierra le parece ins\u00edpido.\" },\n                { \"cap\": 31, \"titulo\": \"El infierno y el celo por las almas\", \"resumen\": \"Narra una visi\u00f3n que tuvo del infierno, que le caus\u00f3 un profundo impacto y un ardiente celo por la salvaci\u00f3n de las almas. Este fue uno de los principales motivos para su deseo de reformar el Carmelo.\" }\n            ],\n            \"fundacion\": [\n                { \"cap\": 32, \"titulo\": \"Inspiraci\u00f3n para la fundaci\u00f3n de San Jos\u00e9\", \"resumen\": \"Relata c\u00f3mo, durante una conversaci\u00f3n con otras personas, surgi\u00f3 la idea de fundar un monasterio reformado con mayor rigor y pobreza, seg\u00fan la Regla primitiva. Recibe la confirmaci\u00f3n de Dios de que esta es Su voluntad.\" },\n                { \"cap\": 33, \"titulo\": \"Primeros pasos y dificultades\", \"resumen\": \"Comienzan los preparativos para la fundaci\u00f3n, pero se enfrenta a una gran oposici\u00f3n por parte de la ciudad, de su propio convento y de su provincial. El proyecto parece fracasar.\" },\n                { \"cap\": 34, \"titulo\": \"Confianza en Dios y ayuda de San Pedro de Alc\u00e1ntara\", \"resumen\": \"A pesar de las dificultades, Teresa mantiene su confianza en Dios. Recibe el apoyo crucial de San Pedro de Alc\u00e1ntara, quien la anima a seguir adelante y la ayuda a conseguir los permisos.\" },\n                { \"cap\": 35, \"titulo\": \"Compra de la casa y secreto\", \"resumen\": \"Con la ayuda de su cu\u00f1ado y otros amigos, consigue comprar una peque\u00f1a casa en secreto. Narra los avatares de la compra y c\u00f3mo tuvo que actuar con gran prudencia para no levantar sospechas.\" },\n                { \"cap\": 36, \"titulo\": \"Fundaci\u00f3n del Monasterio de San Jos\u00e9\", \"resumen\": \"Finalmente, el 24 de agosto de 1562, se funda el Monasterio de San Jos\u00e9 en \u00c1vila con la primera misa y la toma de h\u00e1bito de las primeras cuatro novicias. La fundaci\u00f3n causa un gran alboroto en la ciudad.\" },\n                { \"cap\": 37, \"titulo\": \"Paz y felicidad en San Jos\u00e9\", \"resumen\": \"Describe la gran paz, alegr\u00eda y santidad que se viv\u00eda en el nuevo monasterio. Se siente inmensamente feliz de haber cumplido la voluntad de Dios.\" },\n                { \"cap\": 38, \"titulo\": \"Visiones sobre las almas\", \"resumen\": \"Recibe gracias m\u00edsticas relacionadas con las almas, viendo el estado de algunas personas tras su muerte y la belleza de un alma en gracia.\" },\n                { \"cap\": 39, \"titulo\": \"Impulsos y promesas de Dios\", \"resumen\": \"Recibe grandes impulsos de servir a Dios y la promesa de que la reforma se extender\u00e1. Entiende que no debe buscar el descanso, sino trabajar por la gloria de Dios.\" },\n                { \"cap\": 40, \"titulo\": \"Ep\u00edlogo y obediencia final\", \"resumen\": \"Concluye su relato, sometiendo todo lo escrito al juicio de sus confesores y de la Iglesia. Expresa su deseo de que todo sea para la gloria de Dios y el bien de las almas.\" }\n            ]\n        };\n\n        const oracionDescripciones = {\n            \"1\": \"<strong>1. Sacar Agua del Pozo (Oraci\u00f3n Mental):<\/strong> Es el comienzo del camino. Requiere un gran esfuerzo personal, como sacar agua de un pozo a mano. El alma utiliza sus facultades (entendimiento, memoria) para meditar sobre la vida de Cristo o un pasaje de la Escritura, buscando mover la voluntad al amor y al arrepentimiento. Es un trabajo arduo, a menudo con sequedad, pero fundamental.\",\n            \"2\": \"<strong>2. Con Noria y Arcabuces (Oraci\u00f3n de Quietud):<\/strong> El trabajo disminuye y el consuelo aumenta. Dios comienza a actuar m\u00e1s directamente. El alma experimenta una profunda paz y quietud interior. La voluntad se adhiere a Dios, y aunque el entendimiento puede divagar, el alma siente una alegr\u00eda y satisfacci\u00f3n que no provienen de s\u00ed misma. El jardinero (el alma) trabaja menos y cosecha m\u00e1s.\",\n            \"3\": \"<strong>3. Regar con R\u00edo o Fuente (Oraci\u00f3n de Uni\u00f3n):<\/strong> El esfuerzo humano es m\u00ednimo. Las potencias del alma (entendimiento, memoria y voluntad) quedan absortas en Dios. Es un gozo suave, pac\u00edfico y embriagador que supera todo deleite terrenal. El huerto es regado abundantemente y sin esfuerzo.\",\n            \"4\": \"<strong>4. Lluvia del Cielo (\u00c9xtasis o Arrobamiento):<\/strong> Es una gracia enteramente divina, sin intervenci\u00f3n humana. Dios arrebata el alma, suspendi\u00e9ndola de sus sentidos exteriores. En este estado, el alma recibe profundos conocimientos de los misterios divinos y queda transformada, con un gran desapego del mundo y un ardiente amor por Dios. Es el riego m\u00e1s abundante y eficaz.\"\n        };\n\n        document.addEventListener('DOMContentLoaded', function () {\n            const navButtons = document.querySelectorAll('.nav-button');\n            const contentSections = document.querySelectorAll('.content-section');\n            const oracionCards = document.querySelectorAll('.oracion-card');\n            const oracionDescripcionEl = document.getElementById('oracion-descripcion');\n\n            function createAccordionItem(capitulo) {\n                return `\n                    <div class=\"border border-stone-200 rounded-md\">\n                        <button class=\"accordion-toggle w-full p-3 text-left bg-stone-100 hover:bg-stone-200 transition-colors duration-200 flex justify-between items-center\">\n                            <span class=\"font-semibold text-amber-900\">Cap\u00edtulo ${capitulo.cap}: ${capitulo.titulo}<\/span>\n                            <span class=\"transform transition-transform duration-300 text-amber-900\">&#9662;<\/span>\n                        <\/button>\n                        <div class=\"accordion-content\">\n                            <p class=\"p-4 bg-white text-stone-700\">${capitulo.resumen}<\/p>\n                        <\/div>\n                    <\/div>\n                `;\n            }\n\n            for (const key in chapterData) {\n                const container = document.getElementById(`capitulos-${key}`);\n                if (container) {\n                    container.innerHTML = chapterData[key].map(createAccordionItem).join('');\n                }\n            }\n            \n            document.querySelectorAll('.accordion-toggle').forEach(button => {\n                button.addEventListener('click', () => {\n                    const content = button.nextElementSibling;\n                    const icon = button.querySelector('span:last-child');\n                    \n                    const isContentOpen = content.style.maxHeight;\n\n                    \/\/ Close all accordions first\n                    document.querySelectorAll('.accordion-content').forEach(c => {\n                        c.style.maxHeight = null;\n                        c.previousElementSibling.querySelector('span:last-child').style.transform = 'rotate(0deg)';\n                    });\n\n                    \/\/ If the content was not open, open it now\n                    if (!isContentOpen) {\n                        content.style.maxHeight = content.scrollHeight + \"px\";\n                        icon.style.transform = 'rotate(180deg)';\n                    }\n                });\n            });\n\n            navButtons.forEach(button => {\n                button.addEventListener('click', () => {\n                    const targetId = button.dataset.target;\n\n                    navButtons.forEach(btn => btn.classList.remove('active-nav'));\n                    button.classList.add('active-nav');\n\n                    contentSections.forEach(section => {\n                        if (section.id === targetId) {\n                            section.classList.add('active');\n                        } else {\n                            section.classList.remove('active');\n                        }\n                    });\n                });\n            });\n\n            oracionCards.forEach(card => {\n                card.addEventListener('click', () => {\n                    const oracionId = card.dataset.oracion;\n                    oracionDescripcionEl.innerHTML = oracionDescripciones[oracionId];\n                    oracionCards.forEach(c => c.classList.remove('bg-amber-200', 'border-amber-400'));\n                    card.classList.add('bg-amber-200', 'border-amber-400');\n                });\n            });\n            \n            const ctx = document.getElementById('themesChart').getContext('2d');\n            new Chart(ctx, {\n                type: 'bar',\n                data: {\n                    labels: ['Oraci\u00f3n', 'Mercedes Divinas', 'Sufrimiento y Pruebas', 'Pecado y Culpa', 'Fundaci\u00f3n y Misi\u00f3n', 'Amor a Dios'],\n                    datasets: [{\n                        label: 'Frecuencia de Temas',\n                        data: [95, 80, 70, 50, 60, 85],\n                        backgroundColor: [\n                            'rgba(161, 98, 7, 0.6)',\n                            'rgba(217, 119, 6, 0.6)',\n                            'rgba(202, 138, 4, 0.6)',\n                            'rgba(180, 83, 9, 0.6)',\n                            'rgba(146, 64, 14, 0.6)',\n                            'rgba(234, 179, 8, 0.6)'\n                        ],\n                        borderColor: [\n                            'rgba(161, 98, 7, 1)',\n                            'rgba(217, 119, 6, 1)',\n                            'rgba(202, 138, 4, 1)',\n                            'rgba(180, 83, 9, 1)',\n                            'rgba(146, 64, 14, 1)',\n                            'rgba(234, 179, 8, 1)'\n                        ],\n                        borderWidth: 1\n                    }]\n                },\n                options: {\n                    responsive: true,\n                    maintainAspectRatio: false,\n                    indexAxis: 'y',\n                    scales: {\n                        x: {\n                            beginAtZero: true,\n                            grid: {\n                                color: 'rgba(79, 70, 60, 0.1)'\n                            }\n                        },\n                        y: {\n                           grid: {\n                                display: false\n                            }\n                        }\n                    },\n                    plugins: {\n                        legend: {\n                            display: false\n                        },\n                        tooltip: {\n                            backgroundColor: '#4F463C',\n                            titleFont: {\n                                family: \"'Cormorant Garamond', serif\",\n                                size: 16\n                            },\n                            bodyFont: {\n                                family: \"'Lato', sans-serif\"\n                            }\n                        }\n                    }\n                }\n            });\n        });\n    <\/script>\n<\/body>\n<\/html>\n\n","protected":false},"excerpt":{"rendered":"<p>&#8220;El Libro de la Vida&#8221; es la autobiograf\u00eda espiritual de Santa Teresa de Jes\u00fas, escrita en el siglo XVI por obediencia a sus confesores.<\/p>\n","protected":false},"author":1,"featured_media":0,"comment_status":"open","ping_status":"open","sticky":false,"template":"","format":"standard","meta":{"om_disable_all_campaigns":false,"_monsterinsights_skip_tracking":false,"_monsterinsights_sitenote_active":false,"_monsterinsights_sitenote_note":"","_monsterinsights_sitenote_category":0,"footnotes":""},"categories":[14,8],"tags":[10,12,15,11],"class_list":["post-217","post","type-post","status-publish","format-standard","hentry","category-espiritualidad-carmelitana","category-formacion","tag-cofradia-del-carmen","tag-cofradia-queretaro","tag-espiritualidad-carmelitana","tag-formacion-carmelitana"],"aioseo_notices":[],"_links":{"self":[{"href":"https:\/\/qrofradia.com\/index.php\/wp-json\/wp\/v2\/posts\/217","targetHints":{"allow":["GET"]}}],"collection":[{"href":"https:\/\/qrofradia.com\/index.php\/wp-json\/wp\/v2\/posts"}],"about":[{"href":"https:\/\/qrofradia.com\/index.php\/wp-json\/wp\/v2\/types\/post"}],"author":[{"embeddable":true,"href":"https:\/\/qrofradia.com\/index.php\/wp-json\/wp\/v2\/users\/1"}],"replies":[{"embeddable":true,"href":"https:\/\/qrofradia.com\/index.php\/wp-json\/wp\/v2\/comments?post=217"}],"version-history":[{"count":3,"href":"https:\/\/qrofradia.com\/index.php\/wp-json\/wp\/v2\/posts\/217\/revisions"}],"predecessor-version":[{"id":221,"href":"https:\/\/qrofradia.com\/index.php\/wp-json\/wp\/v2\/posts\/217\/revisions\/221"}],"wp:attachment":[{"href":"https:\/\/qrofradia.com\/index.php\/wp-json\/wp\/v2\/media?parent=217"}],"wp:term":[{"taxonomy":"category","embeddable":true,"href":"https:\/\/qrofradia.com\/index.php\/wp-json\/wp\/v2\/categories?post=217"},{"taxonomy":"post_tag","embeddable":true,"href":"https:\/\/qrofradia.com\/index.php\/wp-json\/wp\/v2\/tags?post=217"}],"curies":[{"name":"wp","href":"https:\/\/api.w.org\/{rel}","templated":true}]}}