{"id":208,"date":"2024-02-12T00:38:53","date_gmt":"2024-02-12T00:38:53","guid":{"rendered":"https:\/\/qrofradia.com\/?p=208"},"modified":"2025-05-01T00:44:24","modified_gmt":"2025-05-01T00:44:24","slug":"historia-de-la-liturgia-de-las-horas-viii","status":"publish","type":"post","link":"https:\/\/qrofradia.com\/index.php\/2024\/02\/12\/historia-de-la-liturgia-de-las-horas-viii\/","title":{"rendered":"HISTORIA DE LA LITURGIA DE LAS HORAS (VIII)"},"content":{"rendered":"\n<div class=\"wp-block-columns is-layout-flex wp-container-core-columns-is-layout-1 wp-block-columns-is-layout-flex\">\n<div class=\"wp-block-column is-layout-flow wp-block-column-is-layout-flow\">\n<figure class=\"wp-block-image size-full\"><img loading=\"lazy\" decoding=\"async\" width=\"1024\" height=\"663\" src=\"https:\/\/qrofradia.com\/wp-content\/uploads\/2025\/05\/PioX-y-la-comuniuon-frecuente-y-diaria.jpg\" alt=\"\" class=\"wp-image-209\" srcset=\"https:\/\/qrofradia.com\/wp-content\/uploads\/2025\/05\/PioX-y-la-comuniuon-frecuente-y-diaria.jpg 1024w, https:\/\/qrofradia.com\/wp-content\/uploads\/2025\/05\/PioX-y-la-comuniuon-frecuente-y-diaria-300x194.jpg 300w, https:\/\/qrofradia.com\/wp-content\/uploads\/2025\/05\/PioX-y-la-comuniuon-frecuente-y-diaria-768x497.jpg 768w\" sizes=\"auto, (max-width: 1024px) 100vw, 1024px\" \/><\/figure>\n<\/div>\n\n\n\n<div class=\"wp-block-column is-layout-flow wp-block-column-is-layout-flow\">\n<figure class=\"wp-block-image size-full\"><img loading=\"lazy\" decoding=\"async\" width=\"275\" height=\"183\" src=\"https:\/\/qrofradia.com\/wp-content\/uploads\/2025\/05\/PIO-XII.jpeg\" alt=\"\" class=\"wp-image-210\"\/><\/figure>\n<\/div>\n\n\n\n<div class=\"wp-block-column is-layout-flow wp-block-column-is-layout-flow\">\n<figure class=\"wp-block-image size-large\"><img loading=\"lazy\" decoding=\"async\" width=\"1024\" height=\"549\" src=\"https:\/\/qrofradia.com\/wp-content\/uploads\/2025\/05\/concilio-vaticano2-1024x549.jpeg\" alt=\"\" class=\"wp-image-211\" srcset=\"https:\/\/qrofradia.com\/wp-content\/uploads\/2025\/05\/concilio-vaticano2-1024x549.jpeg 1024w, https:\/\/qrofradia.com\/wp-content\/uploads\/2025\/05\/concilio-vaticano2-300x161.jpeg 300w, https:\/\/qrofradia.com\/wp-content\/uploads\/2025\/05\/concilio-vaticano2-768x412.jpeg 768w, https:\/\/qrofradia.com\/wp-content\/uploads\/2025\/05\/concilio-vaticano2.jpeg 1100w\" sizes=\"auto, (max-width: 1024px) 100vw, 1024px\" \/><\/figure>\n<\/div>\n<\/div>\n\n\n\n<h3 class=\"wp-block-heading\">Modificaciones posteriores al Breviario de San P\u00edo V<\/h3>\n\n\n<div class=\"wp-block-aioseo-table-of-contents\"><ul><li><a class=\"aioseo-toc-item\" href=\"#aioseo-contexto-historico\">Contexto hist\u00f3rico<\/a><\/li><li><a class=\"aioseo-toc-item\" href=\"#aioseo-necesidad-de-reforma\">Necesidad de reforma<\/a><\/li><li><a class=\"aioseo-toc-item\" href=\"#aioseo-modificaciones-posteriores\">Modificaciones posteriores<\/a><ul><li><a class=\"aioseo-toc-item\" href=\"#aioseo-la-reforma-de-san-pio-x\">La reforma de San P\u00edo X<\/a><ul><li><a class=\"aioseo-toc-item\" href=\"#aioseo-contexto-historico\">Contexto hist\u00f3rico<\/a><\/li><li><a class=\"aioseo-toc-item\" href=\"#aioseo-la-reforma-de-san-pio-x\">La reforma de San P\u00edo X<\/a><\/li><li><a class=\"aioseo-toc-item\" href=\"#aioseo-caracteristicas-de-la-reforma\">Caracter\u00edsticas de la reforma<\/a><\/li><li><a class=\"aioseo-toc-item\" href=\"#aioseo-resultados-de-la-reforma\">Resultados de la reforma<\/a><\/li><li><a class=\"aioseo-toc-item\" href=\"#aioseo-transicion-hacia-el-breviario-actual\">Transici\u00f3n hacia el Breviario actual<\/a><\/li><\/ul><\/li><li><a class=\"aioseo-toc-item\" href=\"#aioseo-reforma-de-pio-xii\">Reforma de P\u00edo XII<\/a><ul><li><a class=\"aioseo-toc-item\" href=\"#aioseo-contexto-historico\">Contexto hist\u00f3rico<\/a><\/li><li><a class=\"aioseo-toc-item\" href=\"#aioseo-la-reforma-de-pio-xii\">La reforma de P\u00edo XII<\/a><\/li><li><a class=\"aioseo-toc-item\" href=\"#aioseo-caracteristicas-de-la-reforma\">Caracter\u00edsticas de la reforma<\/a><\/li><li><a class=\"aioseo-toc-item\" href=\"#aioseo-resultados-de-la-reforma\">Resultados de la reforma<\/a><\/li><li><a class=\"aioseo-toc-item\" href=\"#aioseo-transicion-hacia-el-breviario-actual\">Transici\u00f3n hacia el Breviario actual<\/a><\/li><\/ul><\/li><li><a class=\"aioseo-toc-item\" href=\"#aioseo-concilio-vaticano-ii\">Concilio Vaticano II<\/a><ul><li><a class=\"aioseo-toc-item\" href=\"#aioseo-contexto-historico\">Contexto hist\u00f3rico<\/a><\/li><li><a class=\"aioseo-toc-item\" href=\"#aioseo-la-constitucion-sacrosanctum-concilium\">La Constituci\u00f3n Sacrosanctum Concilium<\/a><\/li><li><a class=\"aioseo-toc-item\" href=\"#aioseo-principios-de-la-reforma\">Principios de la reforma<\/a><\/li><li><a class=\"aioseo-toc-item\" href=\"#aioseo-el-nuevo-breviario\">El nuevo Breviario<\/a><\/li><li><a class=\"aioseo-toc-item\" href=\"#aioseo-impacto-de-la-reforma\">Impacto de la reforma<\/a><\/li><\/ul><\/li><li><a class=\"aioseo-toc-item\" href=\"#aioseo-la-liturgia-de-las-horas-de-pablo-vi\">La &quot;Liturgia de las Horas&quot; de Pablo VI<\/a><ul><li><a class=\"aioseo-toc-item\" href=\"#aioseo-elaboracion-del-nuevo-libro-de-la-liturgia-de-las-horas\">Elaboraci\u00f3n del nuevo libro de la Liturgia de las Horas<\/a><\/li><li><a class=\"aioseo-toc-item\" href=\"#aioseo-caracteristicas-del-nuevo-libro\">Caracter\u00edsticas del nuevo libro<\/a><\/li><li><a class=\"aioseo-toc-item\" href=\"#aioseo-contenido-del-libro\">Contenido del libro<\/a><\/li><li><a class=\"aioseo-toc-item\" href=\"#aioseo-importancia-del-nuevo-libro\">Importancia del nuevo libro<\/a><\/li><\/ul><\/li><\/ul><\/li><li><a class=\"aioseo-toc-item\" href=\"#aioseo-caracteristicas-de-las-modificaciones\">Caracter\u00edsticas de las modificaciones<\/a><\/li><li><a class=\"aioseo-toc-item\" href=\"#aioseo-el-breviario-actual\">El Breviario actual<\/a><\/li><\/ul><\/div>\n\n\n<h4 class=\"wp-block-heading\" id=\"aioseo-contexto-historico\">Contexto hist\u00f3rico<\/h4>\n\n\n\n<p>Tras la publicaci\u00f3n del Breviario de San P\u00edo V en 1568, la Iglesia experiment\u00f3 una serie de cambios y desaf\u00edos. El Concilio Vaticano I (1869-1870) y el Concilio Vaticano II (1962-1965) fueron momentos clave en la reflexi\u00f3n sobre la liturgia y la necesidad de adaptarla a los tiempos modernos.<\/p>\n\n\n\n<h4 class=\"wp-block-heading\" id=\"aioseo-necesidad-de-reforma\">Necesidad de reforma<\/h4>\n\n\n\n<p>A pesar de su importancia, el Breviario de San P\u00edo V tambi\u00e9n recibi\u00f3 cr\u00edticas a lo largo de los siglos. Algunos lo consideraban demasiado largo y complejo, lo que dificultaba su rezo y comprensi\u00f3n. Adem\u00e1s, se se\u00f1al\u00f3 la necesidad de actualizar los textos y adaptarlos a la sensibilidad contempor\u00e1nea.<\/p>\n\n\n\n<h4 class=\"wp-block-heading\" id=\"aioseo-modificaciones-posteriores\">Modificaciones posteriores<\/h4>\n\n\n\n<p>Se realizaron diversas modificaciones al Breviario de San P\u00edo V a lo largo de los siglos. Algunas de las m\u00e1s destacadas son:<\/p>\n\n\n\n<ul class=\"wp-block-list\">\n<li><strong>La Reforma de San P\u00edo X:<\/strong> Introdujo algunos cambios, como la reducci\u00f3n de salmos y reorganizaci\u00f3n de lecturas.<\/li>\n\n\n\n<li><strong>Reforma de Juan XXIII:<\/strong> Realiz\u00f3 una reforma m\u00e1s profunda, simplificando a\u00fan m\u00e1s su estructura y reduciendo la cantidad de textos.<\/li>\n\n\n\n<li><strong>Reforma del Concilio Vaticano II:<\/strong> El Concilio Vaticano II, en su constituci\u00f3n <em>Sacrosanctum Concilium<\/em>, estableci\u00f3 los principios para una nueva reforma de la Liturgia de las Horas, que se llev\u00f3 a cabo posteriormente.<\/li>\n<\/ul>\n\n\n\n<h5 class=\"wp-block-heading\" id=\"aioseo-la-reforma-de-san-pio-x\">La reforma de San P\u00edo X<\/h5>\n\n\n\n<h6 class=\"wp-block-heading\" id=\"aioseo-contexto-historico\">Contexto hist\u00f3rico<\/h6>\n\n\n\n<p>A principios del siglo XX, la Iglesia Cat\u00f3lica sent\u00eda la necesidad de una reforma lit\u00fargica m\u00e1s profunda. El Breviario Romano, aunque hab\u00eda sido revisado varias veces desde su publicaci\u00f3n en el siglo XVI, todav\u00eda se consideraba largo, complejo y dif\u00edcil de usar. Adem\u00e1s, el auge del movimiento lit\u00fargico, que buscaba una participaci\u00f3n m\u00e1s activa de los fieles en la liturgia, impuls\u00f3 la necesidad de una reforma m\u00e1s amplia.<\/p>\n\n\n\n<h6 class=\"wp-block-heading\" id=\"aioseo-la-reforma-de-san-pio-x\">La reforma de San P\u00edo X<\/h6>\n\n\n\n<p>San P\u00edo X, cuyo pontificado se extendi\u00f3 de 1903 a 1914, fue un firme defensor de la reforma lit\u00fargica. En 1911, public\u00f3 la constituci\u00f3n apost\u00f3lica <em>Divino Afflatu<\/em>, que establec\u00eda los principios para la reforma del Breviario.<\/p>\n\n\n\n<h6 class=\"wp-block-heading\" id=\"aioseo-caracteristicas-de-la-reforma\">Caracter\u00edsticas de la reforma<\/h6>\n\n\n\n<p>La reforma de San P\u00edo X se caracteriz\u00f3 por:<\/p>\n\n\n\n<ul class=\"wp-block-list\">\n<li><strong>Simplificaci\u00f3n:<\/strong> Se busc\u00f3 hacer el Oficio Divino m\u00e1s corto y f\u00e1cil de rezar, reduciendo la cantidad de salmos y lecturas.<\/li>\n\n\n\n<li><strong>Reorganizaci\u00f3n:<\/strong> Se reorganiz\u00f3 el Salterio, distribuyendo los salmos de manera m\u00e1s l\u00f3gica y adapt\u00e1ndolos a los diferentes tiempos lit\u00fargicos.<\/li>\n\n\n\n<li><strong>Actualizaci\u00f3n:<\/strong> Se actualizaron los textos y se corrigieron errores que se hab\u00edan introducido a lo largo del tiempo.<\/li>\n\n\n\n<li><strong>\u00c9nfasis en la participaci\u00f3n:<\/strong> Se promovi\u00f3 una mayor participaci\u00f3n de los fieles en la Liturgia de las Horas, reconociendo su importancia en la vida de oraci\u00f3n de la Iglesia.<\/li>\n<\/ul>\n\n\n\n<h6 class=\"wp-block-heading\" id=\"aioseo-resultados-de-la-reforma\">Resultados de la reforma<\/h6>\n\n\n\n<p>La reforma de San P\u00edo X tuvo un impacto significativo en la Liturgia de las Horas. El nuevo Breviario, que se public\u00f3 en 1913, fue m\u00e1s f\u00e1cil de usar y promovi\u00f3 una mayor participaci\u00f3n de los fieles. Adem\u00e1s, sent\u00f3 las bases para futuras reformas, como la que se llev\u00f3 a cabo tras el Concilio Vaticano II.<\/p>\n\n\n\n<h6 class=\"wp-block-heading\" id=\"aioseo-transicion-hacia-el-breviario-actual\">Transici\u00f3n hacia el Breviario actual<\/h6>\n\n\n\n<p>La reforma de San P\u00edo X fue un paso importante en la transici\u00f3n hacia el Breviario actual. Aunque el Breviario actual es el resultado de reformas posteriores, muchos de los principios establecidos por San P\u00edo X, como la simplificaci\u00f3n, la reorganizaci\u00f3n y la participaci\u00f3n, siguen siendo fundamentales en la Liturgia de las Horas.<\/p>\n\n\n\n<h5 class=\"wp-block-heading\" id=\"aioseo-reforma-de-pio-xii\">Reforma de P\u00edo XII<\/h5>\n\n\n\n<p>Es un hito importante en la historia de la Liturgia de las Horas, marcando una transici\u00f3n hacia la forma en que la conocemos hoy.<\/p>\n\n\n\n<h6 class=\"wp-block-heading\" id=\"aioseo-contexto-historico\">Contexto hist\u00f3rico<\/h6>\n\n\n\n<p>A mediados del siglo XX, la Iglesia Cat\u00f3lica sent\u00eda la necesidad de una reforma lit\u00fargica m\u00e1s profunda. El Breviario Romano, aunque hab\u00eda sido revisado varias veces desde su publicaci\u00f3n en el siglo XVI, todav\u00eda se consideraba largo, complejo y dif\u00edcil de usar. Adem\u00e1s, el auge del movimiento lit\u00fargico, que buscaba una participaci\u00f3n m\u00e1s activa de los fieles en la liturgia, impuls\u00f3 la necesidad de una reforma m\u00e1s amplia.<\/p>\n\n\n\n<h6 class=\"wp-block-heading\" id=\"aioseo-la-reforma-de-pio-xii\">La reforma de P\u00edo XII<\/h6>\n\n\n\n<p>P\u00edo XII, cuyo pontificado se extendi\u00f3 de 1939 a 1958, fue un firme defensor de la reforma lit\u00fargica. Aunque no realiz\u00f3 una reforma completa del Breviario, introdujo algunos cambios significativos que allanaron el camino para la reforma posterior al Concilio Vaticano II.<\/p>\n\n\n\n<h6 class=\"wp-block-heading\" id=\"aioseo-caracteristicas-de-la-reforma\">Caracter\u00edsticas de la reforma<\/h6>\n\n\n\n<p>La reforma de P\u00edo XII se caracteriz\u00f3 por:<\/p>\n\n\n\n<ul class=\"wp-block-list\">\n<li><strong>Adaptaci\u00f3n:<\/strong> Se busc\u00f3 adaptar el Breviario a los cambios de la \u00e9poca, incluyendo nuevas oraciones y lecturas que reflejaran la espiritualidad y las preocupaciones del momento.<\/li>\n\n\n\n<li><strong>Actualizaci\u00f3n:<\/strong> Se actualizaron los textos y se corrigieron errores que se hab\u00edan introducido a lo largo del tiempo.<\/li>\n\n\n\n<li><strong>\u00c9nfasis en la participaci\u00f3n:<\/strong> Se promovi\u00f3 una mayor participaci\u00f3n de los fieles en la Liturgia de las Horas, reconociendo su importancia en la vida de oraci\u00f3n de la Iglesia.<\/li>\n\n\n\n<li><strong>Flexibilizaci\u00f3n:<\/strong> Se introdujo una mayor flexibilidad en la elecci\u00f3n de los textos y oraciones, adapt\u00e1ndose a las diferentes necesidades y circunstancias.<\/li>\n<\/ul>\n\n\n\n<h6 class=\"wp-block-heading\" id=\"aioseo-resultados-de-la-reforma\">Resultados de la reforma<\/h6>\n\n\n\n<p>La reforma de P\u00edo XII tuvo un impacto significativo en la Liturgia de las Horas. Los cambios introducidos facilitaron el rezo del Oficio Divino y promovieron una mayor participaci\u00f3n de los fieles. Adem\u00e1s, sentaron las bases para futuras reformas, como la que se llev\u00f3 a cabo tras el Concilio Vaticano II.<\/p>\n\n\n\n<h6 class=\"wp-block-heading\" id=\"aioseo-transicion-hacia-el-breviario-actual\">Transici\u00f3n hacia el Breviario actual<\/h6>\n\n\n\n<p>La reforma de P\u00edo XII fue un paso importante en la transici\u00f3n hacia el Breviario actual. Aunque el Breviario actual es el resultado de reformas posteriores, muchos de los principios establecidos por P\u00edo XII, como la adaptaci\u00f3n, la actualizaci\u00f3n, la participaci\u00f3n y la flexibilizaci\u00f3n, siguen siendo fundamentales en la Liturgia de las Horas.<\/p>\n\n\n\n<h5 class=\"wp-block-heading\" id=\"aioseo-concilio-vaticano-ii\">Concilio Vaticano II<\/h5>\n\n\n\n<p>La reforma del Concilio Vaticano II marc\u00f3 un cambio profundo y significativo en la forma en que se entiende y se celebra esta oraci\u00f3n de la Iglesia.<\/p>\n\n\n\n<h6 class=\"wp-block-heading\" id=\"aioseo-contexto-historico\">Contexto hist\u00f3rico<\/h6>\n\n\n\n<p>El Concilio Vaticano II (1962-1965) fue un evento trascendental en la historia de la Iglesia Cat\u00f3lica. En un mundo en r\u00e1pida transformaci\u00f3n, el Concilio busc\u00f3 &#8220;aggiornare&#8221; la Iglesia, es decir, ponerla al d\u00eda con los tiempos modernos. Uno de los \u00e1mbitos en los que se sinti\u00f3 con mayor fuerza la necesidad de renovaci\u00f3n fue la liturgia.<\/p>\n\n\n\n<h6 class=\"wp-block-heading\" id=\"aioseo-la-constitucion-sacrosanctum-concilium\">La Constituci\u00f3n Sacrosanctum Concilium<\/h6>\n\n\n\n<p>La Constituci\u00f3n sobre la Sagrada Liturgia, <em>Sacrosanctum Concilium<\/em>, promulgada por el Concilio Vaticano II en 1963, estableci\u00f3 los principios para la reforma lit\u00fargica. En cuanto a la Liturgia de las Horas, la Constituci\u00f3n destac\u00f3 su importancia como oraci\u00f3n de todo el Pueblo de Dios y estableci\u00f3 criterios para su revisi\u00f3n.<\/p>\n\n\n\n<h6 class=\"wp-block-heading\" id=\"aioseo-principios-de-la-reforma\">Principios de la reforma<\/h6>\n\n\n\n<p>La reforma de la Liturgia de las Horas impulsada por el Concilio Vaticano II se bas\u00f3 en los siguientes principios:<\/p>\n\n\n\n<ul class=\"wp-block-list\">\n<li><strong>Vuelta a las fuentes:<\/strong> Se busc\u00f3 recuperar la riqueza de la tradici\u00f3n lit\u00fargica, volviendo a las fuentes b\u00edblicas y patr\u00edsticas.<\/li>\n\n\n\n<li><strong>Participaci\u00f3n activa:<\/strong> Se promovi\u00f3 una mayor participaci\u00f3n de los fieles en la Liturgia de las Horas, tanto laicos como cl\u00e9rigos.<\/li>\n\n\n\n<li><strong>Adaptaci\u00f3n a los tiempos:<\/strong> Se adapt\u00f3 la Liturgia de las Horas a las necesidades y circunstancias de la vida moderna.<\/li>\n\n\n\n<li><strong>Simplificaci\u00f3n:<\/strong> Se simplific\u00f3 la estructura del Oficio Divino, haci\u00e9ndolo m\u00e1s f\u00e1cil de rezar y comprender.<\/li>\n\n\n\n<li><strong>\u00c9nfasis en la dimensi\u00f3n espiritual:<\/strong> Se busc\u00f3 enriquecer la dimensi\u00f3n espiritual de la Liturgia de las Horas, promoviendo una oraci\u00f3n m\u00e1s profunda y personal.<\/li>\n<\/ul>\n\n\n\n<h6 class=\"wp-block-heading\" id=\"aioseo-el-nuevo-breviario\">El nuevo Breviario<\/h6>\n\n\n\n<p>Como resultado de la reforma conciliar, se public\u00f3 un nuevo Breviario en 1969, que recog\u00eda los principios establecidos por el Concilio Vaticano II. Este Breviario se caracteriza por:<\/p>\n\n\n\n<ul class=\"wp-block-list\">\n<li><strong>M\u00e1s flexibilidad:<\/strong> Ofrece una mayor flexibilidad en la elecci\u00f3n de los textos y oraciones, adapt\u00e1ndose a las diferentes necesidades y circunstancias.<\/li>\n\n\n\n<li><strong>M\u00e1s riqueza:<\/strong> Incluye una mayor variedad de textos y oraciones, enriqueciendo la experiencia de oraci\u00f3n.<\/li>\n\n\n\n<li><strong>Mayor participaci\u00f3n:<\/strong> Promueve una mayor participaci\u00f3n de los laicos en la Liturgia de las Horas.<\/li>\n<\/ul>\n\n\n\n<h6 class=\"wp-block-heading\" id=\"aioseo-impacto-de-la-reforma\">Impacto de la reforma<\/h6>\n\n\n\n<p>La reforma de la Liturgia de las Horas impulsada por el Concilio Vaticano II tuvo un impacto profundo y duradero en la vida de la Iglesia. Gracias a ella, la Liturgia de las Horas se ha convertido en una oraci\u00f3n m\u00e1s accesible y significativa para muchos fieles, que encuentran en ella una fuente de alimento espiritual y de encuentro con Dios.<\/p>\n\n\n\n<h5 class=\"wp-block-heading\" id=\"aioseo-la-liturgia-de-las-horas-de-pablo-vi\">La &#8220;Liturgia de las Horas&#8221; de Pablo VI<\/h5>\n\n\n\n<p>El libro de la &#8220;Liturgia de las Horas&#8221; promulgado por Pablo VI es el resultado de una profunda renovaci\u00f3n impulsada por el Concilio Vaticano II, marcando un hito en la forma en que se entiende y se celebra esta oraci\u00f3n de la Iglesia.<\/p>\n\n\n\n<h6 class=\"wp-block-heading\" id=\"aioseo-elaboracion-del-nuevo-libro-de-la-liturgia-de-las-horas\">Elaboraci\u00f3n del nuevo libro de la Liturgia de las Horas<\/h6>\n\n\n\n<p>Tras la promulgaci\u00f3n de la <em>Sacrosanctum Concilium<\/em>, se cre\u00f3 un equipo especial para trabajar en la elaboraci\u00f3n del nuevo libro de la Liturgia de las Horas. Este equipo, que trabaj\u00f3 durante varios a\u00f1os, tuvo en cuenta los principios establecidos por el Concilio y las diversas tradiciones lit\u00fargicas.<\/p>\n\n\n\n<h6 class=\"wp-block-heading\" id=\"aioseo-caracteristicas-del-nuevo-libro\">Caracter\u00edsticas del nuevo libro<\/h6>\n\n\n\n<p>El nuevo libro de la Liturgia de las Horas, promulgado por Pablo VI en 1970, se caracteriza por:<\/p>\n\n\n\n<ul class=\"wp-block-list\">\n<li><strong>Flexibilidad:<\/strong> Ofrece una mayor flexibilidad en la elecci\u00f3n de los textos y oraciones, adapt\u00e1ndose a las diferentes necesidades y circunstancias.<\/li>\n\n\n\n<li><strong>Riqueza:<\/strong> Incluye una mayor variedad de textos y oraciones, enriqueciendo la experiencia de oraci\u00f3n.<\/li>\n\n\n\n<li><strong>Participaci\u00f3n:<\/strong> Promueve una mayor participaci\u00f3n de los laicos en la Liturgia de las Horas.<\/li>\n\n\n\n<li><strong>Lenguaje actual:<\/strong> Utiliza un lenguaje actual y accesible, facilitando la comprensi\u00f3n de los textos.<\/li>\n\n\n\n<li><strong>Organizaci\u00f3n clara:<\/strong> Presenta una organizaci\u00f3n clara y sencilla, facilitando el uso del libro.<\/li>\n<\/ul>\n\n\n\n<h6 class=\"wp-block-heading\" id=\"aioseo-contenido-del-libro\">Contenido del libro<\/h6>\n\n\n\n<p>El libro de la Liturgia de las Horas se divide en varias secciones:<\/p>\n\n\n\n<ul class=\"wp-block-list\">\n<li><strong>Ordenaci\u00f3n General de la Liturgia de las Horas:<\/strong> Contiene las normas y principios generales para la celebraci\u00f3n de la Liturgia de las Horas.<\/li>\n\n\n\n<li><strong>Salterio:<\/strong> Contiene los salmos, que se rezan o cantan en diferentes momentos del d\u00eda.<\/li>\n\n\n\n<li><strong>Leccionario:<\/strong> Contiene las lecturas b\u00edblicas y patr\u00edsticas que se leen durante el Oficio de Lectura.<\/li>\n\n\n\n<li><strong>Himnario:<\/strong> Contiene los himnos que se cantan en diferentes momentos del d\u00eda.<\/li>\n\n\n\n<li><strong>Oracional:<\/strong> Contiene las oraciones que se rezan en diferentes momentos del d\u00eda.<\/li>\n\n\n\n<li><strong>Suplemento:<\/strong> Contiene algunos textos y oraciones adicionales.<\/li>\n<\/ul>\n\n\n\n<h6 class=\"wp-block-heading\" id=\"aioseo-importancia-del-nuevo-libro\">Importancia del nuevo libro<\/h6>\n\n\n\n<p>El nuevo libro de la Liturgia de las Horas, promulgado por Pablo VI, representa un hito importante en la historia de esta oraci\u00f3n de la Iglesia. Gracias a \u00e9l, la Liturgia de las Horas se ha convertido en una oraci\u00f3n m\u00e1s accesible y significativa para muchos fieles, que encuentran en ella una fuente de alimento espiritual y de encuentro con Dios.<\/p>\n\n\n\n<h4 class=\"wp-block-heading\" id=\"aioseo-caracteristicas-de-las-modificaciones\">Caracter\u00edsticas de las modificaciones<\/h4>\n\n\n\n<p>Las modificaciones posteriores al Breviario de San P\u00edo V se caracterizaron por:<\/p>\n\n\n\n<ul class=\"wp-block-list\">\n<li><strong>Simplificaci\u00f3n:<\/strong> Se busc\u00f3 hacer el Oficio Divino m\u00e1s corto y f\u00e1cil de rezar, reduciendo la cantidad de textos y simplificando la estructura.<\/li>\n\n\n\n<li><strong>Adaptaci\u00f3n:<\/strong> Se intent\u00f3 adaptar el Breviario a los cambios de la \u00e9poca, incluyendo nuevas oraciones y lecturas que reflejaran la espiritualidad y las preocupaciones del momento.<\/li>\n\n\n\n<li><strong>Actualizaci\u00f3n:<\/strong> Se actualizaron los textos y se corrigieron errores que se hab\u00edan introducido a lo largo del tiempo.<\/li>\n\n\n\n<li><strong>Participaci\u00f3n de los laicos:<\/strong> Se promovi\u00f3 una mayor participaci\u00f3n de los laicos en la Liturgia de las Horas, reconociendo su importancia en la vida de oraci\u00f3n de la Iglesia.<\/li>\n<\/ul>\n\n\n\n<h4 class=\"wp-block-heading\" id=\"aioseo-el-breviario-actual\">El Breviario actual<\/h4>\n\n\n\n<p>El Breviario actual, que entr\u00f3 en vigor en 1969 tras la reforma del Concilio Vaticano II, es el resultado de todas estas modificaciones y reformas. Se caracteriza por:<\/p>\n\n\n\n<ul class=\"wp-block-list\">\n<li><strong>Flexibilidad:<\/strong> Ofrece una mayor flexibilidad en la elecci\u00f3n de los textos y oraciones, adapt\u00e1ndose a las diferentes necesidades y circunstancias.<\/li>\n\n\n\n<li><strong>Mayor riqueza:<\/strong> Incluye una mayor variedad de textos y oraciones, enriqueciendo la experiencia de oraci\u00f3n.<\/li>\n\n\n\n<li><strong>Mayor participaci\u00f3n:<\/strong> Promueve una mayor participaci\u00f3n de los laicos en la Liturgia de las Horas.<\/li>\n<\/ul>\n\n\n\n<p>Hasta aqu\u00ed termina nuestra serie dedicada a la HISTORIA DE LA LITURGIA DE LAS HORAS, como te has dado cuenta, ha sido s\u00f3lo un bosquejo, el cual ha tenido la finalidad de ser una ventana a la riqueza que contamos como Iglesia y que en muchas de las ocasiones no lo hemos descubierto. Espero que esta informaci\u00f3n te sea \u00fatil \u00a1No dudes en preguntar si tienes alguna otra duda al whatsapp <a href=\"https:\/\/wa.link\/vzkkjy\" target=\"_blank\" rel=\"noopener\" title=\"\">442 718 5693<\/a>!<\/p>\n","protected":false},"excerpt":{"rendered":"<p>A pesar de su importancia, el Breviario de San P\u00edo V tambi\u00e9n recibi\u00f3 cr\u00edticas a lo largo de los siglos, pues era considerado demasiado largo y complejo<\/p>\n","protected":false},"author":1,"featured_media":0,"comment_status":"open","ping_status":"open","sticky":false,"template":"","format":"standard","meta":{"om_disable_all_campaigns":false,"_monsterinsights_skip_tracking":false,"_monsterinsights_sitenote_active":false,"_monsterinsights_sitenote_note":"","_monsterinsights_sitenote_category":0,"footnotes":""},"categories":[14,8,21],"tags":[10,12,15,11,23,22],"class_list":["post-208","post","type-post","status-publish","format-standard","hentry","category-espiritualidad-carmelitana","category-formacion","category-liturgia","tag-cofradia-del-carmen","tag-cofradia-queretaro","tag-espiritualidad-carmelitana","tag-formacion-carmelitana","tag-liturgia","tag-liturgia-de-las-horas"],"aioseo_notices":[],"_links":{"self":[{"href":"https:\/\/qrofradia.com\/index.php\/wp-json\/wp\/v2\/posts\/208","targetHints":{"allow":["GET"]}}],"collection":[{"href":"https:\/\/qrofradia.com\/index.php\/wp-json\/wp\/v2\/posts"}],"about":[{"href":"https:\/\/qrofradia.com\/index.php\/wp-json\/wp\/v2\/types\/post"}],"author":[{"embeddable":true,"href":"https:\/\/qrofradia.com\/index.php\/wp-json\/wp\/v2\/users\/1"}],"replies":[{"embeddable":true,"href":"https:\/\/qrofradia.com\/index.php\/wp-json\/wp\/v2\/comments?post=208"}],"version-history":[{"count":5,"href":"https:\/\/qrofradia.com\/index.php\/wp-json\/wp\/v2\/posts\/208\/revisions"}],"predecessor-version":[{"id":216,"href":"https:\/\/qrofradia.com\/index.php\/wp-json\/wp\/v2\/posts\/208\/revisions\/216"}],"wp:attachment":[{"href":"https:\/\/qrofradia.com\/index.php\/wp-json\/wp\/v2\/media?parent=208"}],"wp:term":[{"taxonomy":"category","embeddable":true,"href":"https:\/\/qrofradia.com\/index.php\/wp-json\/wp\/v2\/categories?post=208"},{"taxonomy":"post_tag","embeddable":true,"href":"https:\/\/qrofradia.com\/index.php\/wp-json\/wp\/v2\/tags?post=208"}],"curies":[{"name":"wp","href":"https:\/\/api.w.org\/{rel}","templated":true}]}}