{"id":199,"date":"2024-01-29T23:27:00","date_gmt":"2024-01-29T23:27:00","guid":{"rendered":"https:\/\/qrofradia.com\/?p=199"},"modified":"2025-05-01T00:02:54","modified_gmt":"2025-05-01T00:02:54","slug":"historia-de-la-liturgia-de-las-horas-vi","status":"publish","type":"post","link":"https:\/\/qrofradia.com\/index.php\/2024\/01\/29\/historia-de-la-liturgia-de-las-horas-vi\/","title":{"rendered":"HISTORIA DE LA LITURGIA DE LAS HORAS (VI)"},"content":{"rendered":"\n<h3 class=\"wp-block-heading\">Intentos de reforma del Breviario antes del Concilio de Trento<\/h3>\n\n\n\n<div class=\"wp-block-columns is-layout-flex wp-container-core-columns-is-layout-1 wp-block-columns-is-layout-flex\">\n<div class=\"wp-block-column is-layout-flow wp-block-column-is-layout-flow\">\n<figure class=\"wp-block-image size-full\"><img loading=\"lazy\" decoding=\"async\" width=\"250\" height=\"348\" src=\"https:\/\/qrofradia.com\/wp-content\/uploads\/2025\/04\/Cardenal_Francisco_Quinones-1-rotated.jpg\" alt=\"\" class=\"wp-image-201\" srcset=\"https:\/\/qrofradia.com\/wp-content\/uploads\/2025\/04\/Cardenal_Francisco_Quinones-1-rotated.jpg 250w, https:\/\/qrofradia.com\/wp-content\/uploads\/2025\/04\/Cardenal_Francisco_Quinones-1-216x300.jpg 216w\" sizes=\"auto, (max-width: 250px) 100vw, 250px\" \/><\/figure>\n<\/div>\n\n\n\n<div class=\"wp-block-column is-layout-flow wp-block-column-is-layout-flow\">\n<figure class=\"wp-block-image size-full\"><img loading=\"lazy\" decoding=\"async\" width=\"500\" height=\"647\" src=\"https:\/\/qrofradia.com\/wp-content\/uploads\/2025\/04\/500px-Rudolf_Agricola_1.jpg\" alt=\"\" class=\"wp-image-202\" srcset=\"https:\/\/qrofradia.com\/wp-content\/uploads\/2025\/04\/500px-Rudolf_Agricola_1.jpg 500w, https:\/\/qrofradia.com\/wp-content\/uploads\/2025\/04\/500px-Rudolf_Agricola_1-232x300.jpg 232w\" sizes=\"auto, (max-width: 500px) 100vw, 500px\" \/><\/figure>\n<\/div>\n<\/div>\n\n\n\n<p>Reflejan la necesidad de adaptar la Liturgia de las Horas a los cambios y desaf\u00edos de la \u00e9poca.<\/p>\n\n\n<div class=\"wp-block-aioseo-table-of-contents\"><ul><li><a class=\"aioseo-toc-item\" href=\"#aioseo-contexto-historico\">Contexto hist\u00f3rico<\/a><\/li><li><a class=\"aioseo-toc-item\" href=\"#aioseo-necesidad-de-reforma\">Necesidad de reforma<\/a><\/li><li><a class=\"aioseo-toc-item\" href=\"#aioseo-intentos-de-reforma\">Intentos de reforma<\/a><ul><li><a class=\"aioseo-toc-item\" href=\"#aioseo-reforma-del-holandes-rodolfo\">Reforma del holand\u00e9s Rodolfo<\/a><ul><li><a class=\"aioseo-toc-item\" href=\"#aioseo-la-reforma-de-rodolfo\">La reforma de Rodolfo<\/a><\/li><li><a class=\"aioseo-toc-item\" href=\"#aioseo-caracteristicas-de-la-reforma-de-rodolfo\">Caracter\u00edsticas de la reforma de Rodolfo<\/a><\/li><li><a class=\"aioseo-toc-item\" href=\"#aioseo-resultados-de-la-reforma-de-rodolfo\">Resultados de la reforma de Rodolfo<\/a><\/li><\/ul><\/li><li><a class=\"aioseo-toc-item\" href=\"#aioseo-la-participacion-de-los-humanistas\">La participaci\u00f3n de los humanistas<\/a><ul><li><a class=\"aioseo-toc-item\" href=\"#aioseo-caracteristicas-de-la-reforma-de-los-humanistas\">Caracter\u00edsticas de la reforma de los humanistas<\/a><\/li><\/ul><\/li><li><a class=\"aioseo-toc-item\" href=\"#aioseo-la-reforma-de-quinones\">La reforma de Qui\u00f1ones<\/a><\/li><li><a class=\"aioseo-toc-item\" href=\"#aioseo-la-participacion-de-los-teatinos\">La participaci\u00f3n de los teatinos<\/a><\/li><\/ul><\/li><li><a class=\"aioseo-toc-item\" href=\"#aioseo-caracteristicas-de-las-reformas\">Caracter\u00edsticas de las reformas<\/a><\/li><li><a class=\"aioseo-toc-item\" href=\"#aioseo-resultados-de-las-reformas\">Resultados de las reformas<\/a><\/li><\/ul><\/div>\n\n\n<h4 class=\"wp-block-heading\" id=\"aioseo-contexto-historico\">Contexto hist\u00f3rico<\/h4>\n\n\n\n<p>Durante los siglos XIV y XV, la Iglesia Cat\u00f3lica experiment\u00f3 un per\u00edodo de crisis y reforma. El papado se vio debilitado por el Cisma de Occidente y la creciente cr\u00edtica a la corrupci\u00f3n y los abusos. En este contexto, surgi\u00f3 la necesidad de reformar la liturgia, incluyendo el Breviario.<\/p>\n\n\n\n<h4 class=\"wp-block-heading\" id=\"aioseo-necesidad-de-reforma\">Necesidad de reforma<\/h4>\n\n\n\n<p>El Breviario de la Curia Romana, aunque hab\u00eda simplificado el Oficio Divino, tambi\u00e9n recib\u00eda cr\u00edticas por su brevedad y falta de profundidad espiritual. Muchos consideraban que se hab\u00eda perdido la riqueza y la belleza de la tradici\u00f3n lit\u00fargica. Adem\u00e1s, la invenci\u00f3n de la imprenta facilit\u00f3 la difusi\u00f3n de diferentes versiones del Breviario, lo que gener\u00f3 confusi\u00f3n y falta de uniformidad.<\/p>\n\n\n\n<h4 class=\"wp-block-heading\" id=\"aioseo-intentos-de-reforma\">Intentos de reforma<\/h4>\n\n\n\n<p>Se realizaron varios intentos de reforma del Breviario antes del Concilio de Trento. Algunos de los m\u00e1s destacados son:<\/p>\n\n\n\n<h5 class=\"wp-block-heading\" id=\"aioseo-reforma-del-holandes-rodolfo\">Reforma del holand\u00e9s Rodolfo<\/h5>\n\n\n\n<h6 class=\"wp-block-heading\" id=\"aioseo-la-reforma-de-rodolfo\">La reforma de Rodolfo<\/h6>\n\n\n\n<p>En este contexto de b\u00fasqueda, destaca la figura del holand\u00e9s Rodolfo. Se sabe que fue un erudito y reformador que trabaj\u00f3 en la elaboraci\u00f3n de un nuevo Breviario.<\/p>\n\n\n\n<h6 class=\"wp-block-heading\" id=\"aioseo-caracteristicas-de-la-reforma-de-rodolfo\">Caracter\u00edsticas de la reforma de Rodolfo<\/h6>\n\n\n\n<p>La reforma de Rodolfo se caracteriz\u00f3 por:<\/p>\n\n\n\n<ul class=\"wp-block-list\">\n<li><strong>Vuelta a las fuentes:<\/strong> Recuperando textos y pr\u00e1cticas antiguas que se hab\u00edan perdido o modificado.<\/li>\n\n\n\n<li><strong>\u00c9nfasis en la espiritualidad:<\/strong> Busc\u00f3 enriquecer el Breviario con textos que promovieran una espiritualidad m\u00e1s profunda y personal.<\/li>\n\n\n\n<li><strong>Adaptaci\u00f3n a las necesidades de la \u00e9poca:<\/strong> Incluyendo nuevas oraciones y lecturas que reflejaran la espiritualidad y las preocupaciones del momento.<\/li>\n<\/ul>\n\n\n\n<h6 class=\"wp-block-heading\" id=\"aioseo-resultados-de-la-reforma-de-rodolfo\">Resultados de la reforma de Rodolfo<\/h6>\n\n\n\n<p>La reforma de Rodolfo tuvo un impacto limitado. Si bien algunas de sus propuestas fueron adoptadas en algunas di\u00f3cesis y \u00f3rdenes religiosas, no lograron una difusi\u00f3n generalizada. Sin embargo, su trabajo contribuy\u00f3 a la reflexi\u00f3n sobre la necesidad de reformar el Breviario y sent\u00f3 las bases para la reforma que se llev\u00f3 a cabo durante el Concilio de Trento.<\/p>\n\n\n\n<h5 class=\"wp-block-heading\" id=\"aioseo-la-participacion-de-los-humanistas\">La participaci\u00f3n de los humanistas<\/h5>\n\n\n\n<p>Los humanistas, intelectuales y estudiosos que promovieron el estudio de los cl\u00e1sicos y la renovaci\u00f3n de la cultura, tambi\u00e9n se interesaron por la reforma del Breviario. Algunos de ellos, como <strong>Erasmo de Rotterdam<\/strong>, criticaron la forma en que se rezaba el Oficio Divino, argumentando que se hab\u00eda convertido en una pr\u00e1ctica mec\u00e1nica y rutinaria, sin un verdadero compromiso espiritual.<\/p>\n\n\n\n<h6 class=\"wp-block-heading\" id=\"aioseo-caracteristicas-de-la-reforma-de-los-humanistas\">Caracter\u00edsticas de la reforma de los humanistas<\/h6>\n\n\n\n<p>La reforma del Breviario propuesta por los humanistas se caracteriz\u00f3 por:<\/p>\n\n\n\n<ul class=\"wp-block-list\">\n<li><strong>Vuelta a las fuentes:<\/strong> Buscaron recuperar textos y pr\u00e1cticas antiguas que se hab\u00edan perdido o modificado.<\/li>\n\n\n\n<li><strong>\u00c9nfasis en la espiritualidad:<\/strong> Los humanistas buscaron enriquecer el Breviario con textos que promovieran una espiritualidad m\u00e1s profunda y personal.<\/li>\n\n\n\n<li><strong>Adaptaci\u00f3n a las necesidades de la \u00e9poca:<\/strong> Incluyeron nuevas oraciones y lecturas que reflejaran las preocupaciones del momento.<\/li>\n<\/ul>\n\n\n\n<h5 class=\"wp-block-heading\" id=\"aioseo-la-reforma-de-quinones\">La reforma de Qui\u00f1ones<\/h5>\n\n\n\n<p>Francisco de Qui\u00f1ones fue un cardenal y humanista espa\u00f1ol que destac\u00f3 por su labor en la reforma del Breviario. Su reforma se caracteriz\u00f3 por:<\/p>\n\n\n\n<ul class=\"wp-block-list\">\n<li><strong>Simplificaci\u00f3n:<\/strong> Qui\u00f1ones busc\u00f3 hacer el Oficio Divino m\u00e1s corto y f\u00e1cil de rezar, reduciendo la cantidad de textos y simplificando la estructura.<\/li>\n\n\n\n<li><strong>Adaptaci\u00f3n:<\/strong> Qui\u00f1ones adapt\u00f3 el Breviario a los cambios de la \u00e9poca, incluyendo nuevas oraciones y lecturas que reflejaran la espiritualidad y las preocupaciones del momento.<\/li>\n\n\n\n<li><strong>Reorganizaci\u00f3n de los salmos:<\/strong> Qui\u00f1ones reorganiz\u00f3 los salmos, distribuy\u00e9ndolos de manera m\u00e1s l\u00f3gica y adapt\u00e1ndolos a los diferentes tiempos lit\u00fargicos.<\/li>\n\n\n\n<li><strong>Inclusi\u00f3n de nuevas oraciones:<\/strong> Qui\u00f1ones incluy\u00f3 nuevas oraciones en el Breviario, enriqueciendo la experiencia de oraci\u00f3n y adapt\u00e1ndola a las necesidades de la \u00e9poca.<\/li>\n<\/ul>\n\n\n\n<h5 class=\"wp-block-heading\" id=\"aioseo-la-participacion-de-los-teatinos\">La participaci\u00f3n de los teatinos<\/h5>\n\n\n\n<p>Los teatinos, una orden religiosa fundada en el siglo XVI por San Cayetano de Thiene y el beato Juan Pedro Carafa (luego Papa Pablo IV), tambi\u00e9n participaron en la reforma del Breviario. Su enfoque se caracteriz\u00f3 por:<\/p>\n\n\n\n<ul class=\"wp-block-list\">\n<li><strong>\u00c9nfasis en la oraci\u00f3n:<\/strong> Los teatinos promovieron una espiritualidad centrada en la oraci\u00f3n y la contemplaci\u00f3n, lo que influy\u00f3 en su enfoque de la reforma del Breviario.<\/li>\n\n\n\n<li><strong>Vuelta a las fuentes:<\/strong> Los teatinos buscaron volver a las fuentes de la tradici\u00f3n lit\u00fargica, recuperando textos y pr\u00e1cticas antiguas que se hab\u00edan perdido o modificado.<\/li>\n\n\n\n<li><strong>Adaptaci\u00f3n a las necesidades de la \u00e9poca:<\/strong> Los teatinos adaptaron el Breviario a las necesidades de la \u00e9poca, incluyendo nuevas oraciones y lecturas que reflejaran la espiritualidad y las preocupaciones del momento.<\/li>\n<\/ul>\n\n\n\n<h4 class=\"wp-block-heading\" id=\"aioseo-caracteristicas-de-las-reformas\">Caracter\u00edsticas de las reformas<\/h4>\n\n\n\n<p>Las reformas del Breviario antes del Concilio de Trento se caracterizaron por:<\/p>\n\n\n\n<ul class=\"wp-block-list\">\n<li><strong>Simplificaci\u00f3n:<\/strong> Se buscaba hacer el Oficio Divino m\u00e1s corto y f\u00e1cil de rezar, reduciendo la cantidad de textos y simplificando la estructura.<\/li>\n\n\n\n<li><strong>Adaptaci\u00f3n:<\/strong> Se intentaba adaptar el Breviario a los cambios de la \u00e9poca, incluyendo nuevas oraciones y lecturas que reflejaran la espiritualidad y las preocupaciones del momento.<\/li>\n\n\n\n<li><strong>Vuelta a las fuentes:<\/strong> Algunos reformadores propusieron volver a las fuentes de la tradici\u00f3n lit\u00fargica, recuperando textos y pr\u00e1cticas antiguas que se hab\u00edan perdido o modificado.<\/li>\n<\/ul>\n\n\n\n<h4 class=\"wp-block-heading\" id=\"aioseo-resultados-de-las-reformas\">Resultados de las reformas<\/h4>\n\n\n\n<p>Las reformas del Breviario antes del Concilio de Trento tuvieron un impacto limitado. Si bien algunas de ellas fueron adoptadas en algunas di\u00f3cesis y \u00f3rdenes religiosas, no lograron una difusi\u00f3n generalizada. Sin embargo, sentaron las bases para la reforma del Breviario que se llev\u00f3 a cabo durante el Concilio de Trento.<\/p>\n\n\n\n<p>Espero que esta informaci\u00f3n te sea \u00fatil para saber m\u00e1s sobre la historia de la formaci\u00f3n de la Liturgia de las Horas. \u00a1No dudes en preguntar si tienes alguna otra duda whatsapp <a href=\"https:\/\/wa.link\/p75eta\" target=\"_blank\" rel=\"noopener\" title=\"\">442 718 5693<\/a>!<\/p>\n","protected":false},"excerpt":{"rendered":"<p>Reflejan la necesidad de adaptar la Liturgia de las Horas a los cambios y desaf\u00edos de la \u00e9poca.<\/p>\n","protected":false},"author":1,"featured_media":0,"comment_status":"open","ping_status":"open","sticky":false,"template":"","format":"standard","meta":{"om_disable_all_campaigns":false,"_monsterinsights_skip_tracking":false,"_monsterinsights_sitenote_active":false,"_monsterinsights_sitenote_note":"","_monsterinsights_sitenote_category":0,"footnotes":""},"categories":[1],"tags":[],"class_list":["post-199","post","type-post","status-publish","format-standard","hentry","category-sin-categoria"],"aioseo_notices":[],"_links":{"self":[{"href":"https:\/\/qrofradia.com\/index.php\/wp-json\/wp\/v2\/posts\/199","targetHints":{"allow":["GET"]}}],"collection":[{"href":"https:\/\/qrofradia.com\/index.php\/wp-json\/wp\/v2\/posts"}],"about":[{"href":"https:\/\/qrofradia.com\/index.php\/wp-json\/wp\/v2\/types\/post"}],"author":[{"embeddable":true,"href":"https:\/\/qrofradia.com\/index.php\/wp-json\/wp\/v2\/users\/1"}],"replies":[{"embeddable":true,"href":"https:\/\/qrofradia.com\/index.php\/wp-json\/wp\/v2\/comments?post=199"}],"version-history":[{"count":1,"href":"https:\/\/qrofradia.com\/index.php\/wp-json\/wp\/v2\/posts\/199\/revisions"}],"predecessor-version":[{"id":203,"href":"https:\/\/qrofradia.com\/index.php\/wp-json\/wp\/v2\/posts\/199\/revisions\/203"}],"wp:attachment":[{"href":"https:\/\/qrofradia.com\/index.php\/wp-json\/wp\/v2\/media?parent=199"}],"wp:term":[{"taxonomy":"category","embeddable":true,"href":"https:\/\/qrofradia.com\/index.php\/wp-json\/wp\/v2\/categories?post=199"},{"taxonomy":"post_tag","embeddable":true,"href":"https:\/\/qrofradia.com\/index.php\/wp-json\/wp\/v2\/tags?post=199"}],"curies":[{"name":"wp","href":"https:\/\/api.w.org\/{rel}","templated":true}]}}