{"id":184,"date":"2024-01-08T03:16:15","date_gmt":"2024-01-08T03:16:15","guid":{"rendered":"https:\/\/qrofradia.com\/?p=184"},"modified":"2025-04-30T03:18:53","modified_gmt":"2025-04-30T03:18:53","slug":"historia-de-la-liturgia-de-las-horas-iv","status":"publish","type":"post","link":"https:\/\/qrofradia.com\/index.php\/2024\/01\/08\/historia-de-la-liturgia-de-las-horas-iv\/","title":{"rendered":"Historia de la liturgia de las horas (IV)"},"content":{"rendered":"\n<h3 class=\"wp-block-heading\" id=\"aioseo-del-siglo-iv-al-vii\">del siglo IV al VII<\/h3>\n\n\n\n<p>Este per\u00edodo fue fundamental en la consolidaci\u00f3n y desarrollo de la Liturgia de las Horas.<\/p>\n\n\n\n<div class=\"wp-block-columns is-layout-flex wp-container-core-columns-is-layout-1 wp-block-columns-is-layout-flex\">\n<div class=\"wp-block-column is-layout-flow wp-block-column-is-layout-flow\" style=\"flex-basis:100%\"><div class=\"wp-block-aioseo-table-of-contents\"><ul><li><a class=\"aioseo-toc-item\" href=\"#aioseo-del-siglo-iv-al-vii-consolidacion-y-desarrollo\">Del siglo IV al VII: consolidaci\u00f3n y desarrollo<\/a><\/li><li><a class=\"aioseo-toc-item\" href=\"#aioseo-el-oficio-clerical-y-la-oracion\">El oficio clerical y la oraci\u00f3n<\/a><ul><li><a class=\"aioseo-toc-item\" href=\"#aioseo-la-liturgia-de-las-horas-como-oracion-del-clero\">La Liturgia de las Horas como oraci\u00f3n del clero<\/a><\/li><\/ul><\/li><li><a class=\"aioseo-toc-item\" href=\"#aioseo-influencia-del-monacato\">Influencia del monacato<\/a><ul><li><a class=\"aioseo-toc-item\" href=\"#aioseo-el-monacato-y-la-oracion\">El monacato y la oraci\u00f3n<\/a><\/li><li><a class=\"aioseo-toc-item\" href=\"#aioseo-el-oficio-divino-como-oracion-de-los-monjes\">El Oficio Divino como oraci\u00f3n de los monjes<\/a><\/li><li><a class=\"aioseo-toc-item\" href=\"#aioseo-la-influencia-de-la-regla-de-san-benito\">La influencia de la Regla de San Benito<\/a><\/li><li><a class=\"aioseo-toc-item\" href=\"#aioseo-diversidad-de-tradiciones\">Diversidad de tradiciones<\/a><\/li><li><a class=\"aioseo-toc-item\" href=\"#aioseo-figuras-clave\">Figuras clave<\/a><\/li><li><a class=\"aioseo-toc-item\" href=\"#aioseo-elementos-clave\">Elementos clave<\/a><\/li><li><a class=\"aioseo-toc-item\" href=\"#aioseo-transmision-y-adaptacion\">Transmisi\u00f3n y adaptaci\u00f3n<\/a><\/li><\/ul><\/li><li><a class=\"aioseo-toc-item\" href=\"#aioseo-fusion-del-oficio-clerical-con-el-monastico\">fusi\u00f3n del oficio clerical con el mon\u00e1stico<\/a><ul><li><a class=\"aioseo-toc-item\" href=\"#aioseo-origenes-distintos\">Or\u00edgenes distintos<\/a><\/li><li><a class=\"aioseo-toc-item\" href=\"#aioseo-influencia-mutua\">Influencia mutua<\/a><\/li><li><a class=\"aioseo-toc-item\" href=\"#aioseo-factores-que-impulsaron-la-fusion\">Factores que impulsaron la fusi\u00f3n<\/a><\/li><li><a class=\"aioseo-toc-item\" href=\"#aioseo-el-proceso-de-fusion\">El proceso de fusi\u00f3n<\/a><\/li><li><a class=\"aioseo-toc-item\" href=\"#aioseo-resultados-de-la-fusion\">Resultados de la fusi\u00f3n<\/a><\/li><\/ul><\/li><\/ul><\/div><\/div>\n<\/div>\n\n\n\n<figure class=\"wp-block-image size-large\"><img loading=\"lazy\" decoding=\"async\" width=\"1024\" height=\"538\" src=\"https:\/\/qrofradia.com\/wp-content\/uploads\/2025\/04\/1200x630_eBlastHero_IO_FourthCentury_BlogArt_7_OurFourthCenturyFathers-1-1024x538.jpg\" alt=\"\" class=\"wp-image-186\" srcset=\"https:\/\/qrofradia.com\/wp-content\/uploads\/2025\/04\/1200x630_eBlastHero_IO_FourthCentury_BlogArt_7_OurFourthCenturyFathers-1-1024x538.jpg 1024w, https:\/\/qrofradia.com\/wp-content\/uploads\/2025\/04\/1200x630_eBlastHero_IO_FourthCentury_BlogArt_7_OurFourthCenturyFathers-1-300x158.jpg 300w, https:\/\/qrofradia.com\/wp-content\/uploads\/2025\/04\/1200x630_eBlastHero_IO_FourthCentury_BlogArt_7_OurFourthCenturyFathers-1-768x403.jpg 768w, https:\/\/qrofradia.com\/wp-content\/uploads\/2025\/04\/1200x630_eBlastHero_IO_FourthCentury_BlogArt_7_OurFourthCenturyFathers-1.jpg 1200w\" sizes=\"auto, (max-width: 1024px) 100vw, 1024px\" \/><\/figure>\n\n\n\n<h4 class=\"wp-block-heading\" id=\"aioseo-del-siglo-iv-al-vii-consolidacion-y-desarrollo\">Del siglo IV al VII: consolidaci\u00f3n y desarrollo<\/h4>\n\n\n\n<p>La Liturgia de las Horas experiment\u00f3 un proceso de consolidaci\u00f3n y desarrollo, tanto en su estructura como en su contenido. Se establecieron horarios y pr\u00e1cticas de oraci\u00f3n m\u00e1s definidos, y se incorporaron elementos como himnos y lecturas b\u00edblicas.<\/p>\n\n\n\n<h4 class=\"wp-block-heading\" id=\"aioseo-el-oficio-clerical-y-la-oracion\">El oficio clerical y la oraci\u00f3n<\/h4>\n\n\n\n<p>Durante este per\u00edodo, el clero comenz\u00f3 a asumir un papel m\u00e1s definido en la oraci\u00f3n lit\u00fargica. Si bien la oraci\u00f3n era pr\u00e1ctica com\u00fan para todos, el clero, en particular, fue llamado a guiar a la comunidad.<\/p>\n\n\n\n<h5 class=\"wp-block-heading\" id=\"aioseo-la-liturgia-de-las-horas-como-oracion-del-clero\">La Liturgia de las Horas como oraci\u00f3n del clero<\/h5>\n\n\n\n<p>La Liturgia de las Horas, tambi\u00e9n conocida como Oficio Divino, se convirti\u00f3 en parte importante de la vida de oraci\u00f3n del clero. Se esperaba que los cl\u00e9rigos rezaran el Oficio Divino en momentos espec\u00edficos del d\u00eda, como una forma de cumplir con su deber de orar por el pueblo y en nombre del pueblo.<\/p>\n\n\n\n<h4 class=\"wp-block-heading\" id=\"aioseo-influencia-del-monacato\">Influencia del monacato<\/h4>\n\n\n\n<p>El monacato tuvo un impacto significativo en la forma en que se desarroll\u00f3 la Liturgia de las Horas. Los monjes, en su b\u00fasqueda de una vida de oraci\u00f3n continua, desarrollaron pr\u00e1cticas de oraci\u00f3n m\u00e1s elaboradas y estructuradas, que luego influyeron en la forma en que se estructur\u00f3 el Oficio Divino para el clero secular.<\/p>\n\n\n\n<h5 class=\"wp-block-heading\" id=\"aioseo-el-monacato-y-la-oracion\">El monacato y la oraci\u00f3n<\/h5>\n\n\n\n<p>Durante este per\u00edodo, el monacato experiment\u00f3 un gran auge y se convirti\u00f3 en un modelo de vida cristiana para muchos. Los monjes, en su b\u00fasqueda de una vida de oraci\u00f3n continua, desarrollaron pr\u00e1cticas de oraci\u00f3n m\u00e1s elaboradas y estructuradas que influyeron en la Liturgia de las Horas.<\/p>\n\n\n\n<h5 class=\"wp-block-heading\" id=\"aioseo-el-oficio-divino-como-oracion-de-los-monjes\">El Oficio Divino como oraci\u00f3n de los monjes<\/h5>\n\n\n\n<p>El Oficio Divino, tambi\u00e9n conocido como Liturgia de las Horas, se convirti\u00f3 en una parte central de la vida de oraci\u00f3n de los monjes. Se esperaba que los monjes rezaran el Oficio Divino en momentos espec\u00edficos del d\u00eda, como una forma de cumplir con su voto de oraci\u00f3n continua y alimentar su vida espiritual.<\/p>\n\n\n\n<h5 class=\"wp-block-heading\" id=\"aioseo-la-influencia-de-la-regla-de-san-benito\">La influencia de la Regla de San Benito<\/h5>\n\n\n\n<p>La Regla de San Benito, escrita en el siglo VI, estructur\u00f3 el Oficio Divino para los monjes. San Benito estableci\u00f3 un horario detallado de oraci\u00f3n para los monjes, que inclu\u00eda diferentes horas de oraci\u00f3n y lecturas b\u00edblicas.<\/p>\n\n\n\n<h5 class=\"wp-block-heading\" id=\"aioseo-diversidad-de-tradiciones\">Diversidad de tradiciones<\/h5>\n\n\n\n<p>Es importante recordar que durante este per\u00edodo exist\u00eda una gran diversidad de tradiciones y pr\u00e1cticas lit\u00fargicas en las diferentes regiones y comunidades cristianas. No hab\u00eda una forma \u00fanica y uniforme de celebrar la Liturgia de las Horas, sino que cada comunidad ten\u00eda sus propias costumbres y tradiciones.<\/p>\n\n\n\n<h5 class=\"wp-block-heading\" id=\"aioseo-figuras-clave\">Figuras clave<\/h5>\n\n\n\n<p>Varias figuras clave contribuyeron al desarrollo de la Liturgia de las Horas durante este per\u00edodo. Entre ellos destacan:<\/p>\n\n\n\n<ul class=\"wp-block-list\">\n<li><strong><font style=\"vertical-align: inherit;\"><font style=\"vertical-align: inherit;\">San Benito<\/font><\/font><\/strong><font style=\"vertical-align: inherit;\"><font style=\"vertical-align: inherit;\"> : Su regla, que incluye un detallado esquema de oraci\u00f3n para los monjes, influy\u00f3 en c\u00f3mo se estructur\u00f3 la Liturgia de las Horas.<\/font><\/font><\/li>\n\n\n\n<li><strong>San Agust\u00edn<\/strong>: Sus escritos y ense\u00f1anzas sobre la oraci\u00f3n y la liturgia influyeron en el desarrollo de la Liturgia de las Horas.<\/li>\n\n\n\n<li><strong>San Ambrosio<\/strong>: Introdujo la pr\u00e1ctica de los himnos en la liturgia, enriqueciendo la experiencia de oraci\u00f3n.<\/li>\n<\/ul>\n\n\n\n<h5 class=\"wp-block-heading\" id=\"aioseo-elementos-clave\">Elementos clave<\/h5>\n\n\n\n<p>Algunos de los elementos clave que se desarrollaron durante este per\u00edodo incluyen:<\/p>\n\n\n\n<ul class=\"wp-block-list\">\n<li><strong>Horas can\u00f3nicas<\/strong>: Se establecieron horas espec\u00edficas del d\u00eda para la oraci\u00f3n, como maitines, laudes, v\u00edsperas y completas.<\/li>\n\n\n\n<li><strong>Salmodia<\/strong>: Los Salmos se convirtieron en una parte central de la Liturgia de las Horas. Se recitaban o cantaban en diferentes momentos del d\u00eda.<\/li>\n\n\n\n<li><strong>Lecturas b\u00edblicas<\/strong>: Se incorporaron lecturas de la Biblia a la Liturgia de las Horas, para alimentar la fe y la reflexi\u00f3n de los creyentes.<\/li>\n\n\n\n<li><strong>Himnos<\/strong>: Se compusieron himnos para alabar a Dios y expresar la fe cristiana, enriqueciendo la experiencia de oraci\u00f3n.<\/li>\n<\/ul>\n\n\n\n<h5 class=\"wp-block-heading\" id=\"aioseo-transmision-y-adaptacion\">Transmisi\u00f3n y adaptaci\u00f3n<\/h5>\n\n\n\n<p>La Liturgia de las Horas se transmiti\u00f3 y adapt\u00f3 a lo largo de los siglos, enriqueci\u00e9ndose con elementos de diferentes culturas y tradiciones. Sin embargo, los fundamentos establecidos durante el per\u00edodo del siglo IV al VII permanecieron como base para su desarrollo posterior.<\/p>\n\n\n\n<h4 class=\"wp-block-heading\" id=\"aioseo-fusion-del-oficio-clerical-con-el-monastico\">fusi\u00f3n del oficio clerical con el mon\u00e1stico<\/h4>\n\n\n\n<h5 class=\"wp-block-heading\" id=\"aioseo-origenes-distintos\">Or\u00edgenes distintos<\/h5>\n\n\n\n<p>Es importante recordar que el oficio clerical y el mon\u00e1stico ten\u00edan or\u00edgenes y prop\u00f3sitos distintos. El oficio clerical se centraba en la oraci\u00f3n p\u00fablica y lit\u00fargica en las catedrales y parroquias, mientras que el oficio mon\u00e1stico se enfocaba en la oraci\u00f3n personal y comunitaria en los monasterios.<\/p>\n\n\n\n<h5 class=\"wp-block-heading\" id=\"aioseo-influencia-mutua\">Influencia mutua<\/h5>\n\n\n\n<p>A pesar de sus diferencias, el oficio clerical y el mon\u00e1stico se influyeron mutuamente a lo largo del tiempo. Los cl\u00e9rigos adoptaron algunas de las pr\u00e1cticas de oraci\u00f3n de los monjes, como la lectura y meditaci\u00f3n de las Escrituras, mientras que los monjes incorporaron elementos del oficio catedralicio, como los himnos y las oraciones lit\u00fargicas.<\/p>\n\n\n\n<h5 class=\"wp-block-heading\" id=\"aioseo-factores-que-impulsaron-la-fusion\">Factores que impulsaron la fusi\u00f3n<\/h5>\n\n\n\n<p>Varios factores contribuyeron a la fusi\u00f3n del oficio clerical con el mon\u00e1stico:<\/p>\n\n\n\n<ul class=\"wp-block-list\">\n<li><strong>Auge del monacato:<\/strong> El auge del monacato durante los siglos IV al VII influy\u00f3 en la espiritualidad y las pr\u00e1cticas de oraci\u00f3n del clero secular. Muchos cl\u00e9rigos adoptaron el estilo de vida mon\u00e1stico y buscaron integrar la oraci\u00f3n contemplativa en su ministerio.<\/li>\n\n\n\n<li><strong>Necesidad de una oraci\u00f3n m\u00e1s estructurada:<\/strong> A medida que la Iglesia se organizaba y se institucionalizaba, surgi\u00f3 la necesidad de una forma de oraci\u00f3n m\u00e1s estructurada y regular para el clero. El oficio mon\u00e1stico, con su horario definido y sus pr\u00e1cticas de oraci\u00f3n establecidas, ofrec\u00eda un modelo atractivo.<\/li>\n\n\n\n<li><strong>Figuras clave:<\/strong> Varias figuras clave, como San Agust\u00edn y San Benito, promovieron la integraci\u00f3n de elementos mon\u00e1sticos en el oficio clerical. Sus escritos y ense\u00f1anzas influyeron en la forma en que se desarroll\u00f3 la Liturgia de las Horas para el clero secular.<\/li>\n<\/ul>\n\n\n\n<h5 class=\"wp-block-heading\" id=\"aioseo-el-proceso-de-fusion\">El proceso de fusi\u00f3n<\/h5>\n\n\n\n<p>La fusi\u00f3n del oficio clerical con el mon\u00e1stico fue un proceso gradual que se llev\u00f3 a cabo a lo largo de varios siglos. No hubo un momento \u00fanico en el que los dos oficios se fusionaron por completo, sino que fue un proceso de adaptaci\u00f3n y asimilaci\u00f3n mutua.<\/p>\n\n\n\n<h5 class=\"wp-block-heading\" id=\"aioseo-resultados-de-la-fusion\">Resultados de la fusi\u00f3n<\/h5>\n\n\n\n<p>La fusi\u00f3n del oficio clerical con el mon\u00e1stico tuvo varios resultados importantes:<\/p>\n\n\n\n<ul class=\"wp-block-list\">\n<li><strong>Desarrollo de la Liturgia de las Horas:<\/strong> La Liturgia de las Horas, tal como la conocemos hoy en d\u00eda, es el resultado de la fusi\u00f3n del oficio clerical con el mon\u00e1stico. Incorpora elementos de ambos, como las horas can\u00f3nicas, los salmos, las lecturas b\u00edblicas y los himnos.<\/li>\n\n\n\n<li><strong>Enriquecimiento de la vida espiritual del clero:<\/strong> La fusi\u00f3n del oficio clerical con el mon\u00e1stico enriqueci\u00f3 la vida espiritual del clero, proporcion\u00e1ndole una forma de oraci\u00f3n m\u00e1s profunda y significativa.<\/li>\n\n\n\n<li><strong>Mayor participaci\u00f3n de los laicos:<\/strong> La Liturgia de las Horas, aunque tradicionalmente ha sido la oraci\u00f3n del clero y los monjes, tambi\u00e9n puede ser rezada por los laicos, lo que ha fomentado una mayor participaci\u00f3n de los laicos en la vida de oraci\u00f3n de la Iglesia.<\/li>\n<\/ul>\n","protected":false},"excerpt":{"rendered":"<p>El per\u00edodo que va del siglo IV al VII fue fundamental en la consolidaci\u00f3n y desarrollo de la Liturgia de las Horas.<\/p>\n","protected":false},"author":1,"featured_media":0,"comment_status":"open","ping_status":"open","sticky":false,"template":"","format":"standard","meta":{"om_disable_all_campaigns":false,"_monsterinsights_skip_tracking":false,"_monsterinsights_sitenote_active":false,"_monsterinsights_sitenote_note":"","_monsterinsights_sitenote_category":0,"footnotes":""},"categories":[14,8,21],"tags":[10,12,11,23,22],"class_list":["post-184","post","type-post","status-publish","format-standard","hentry","category-espiritualidad-carmelitana","category-formacion","category-liturgia","tag-cofradia-del-carmen","tag-cofradia-queretaro","tag-formacion-carmelitana","tag-liturgia","tag-liturgia-de-las-horas"],"aioseo_notices":[],"_links":{"self":[{"href":"https:\/\/qrofradia.com\/index.php\/wp-json\/wp\/v2\/posts\/184","targetHints":{"allow":["GET"]}}],"collection":[{"href":"https:\/\/qrofradia.com\/index.php\/wp-json\/wp\/v2\/posts"}],"about":[{"href":"https:\/\/qrofradia.com\/index.php\/wp-json\/wp\/v2\/types\/post"}],"author":[{"embeddable":true,"href":"https:\/\/qrofradia.com\/index.php\/wp-json\/wp\/v2\/users\/1"}],"replies":[{"embeddable":true,"href":"https:\/\/qrofradia.com\/index.php\/wp-json\/wp\/v2\/comments?post=184"}],"version-history":[{"count":7,"href":"https:\/\/qrofradia.com\/index.php\/wp-json\/wp\/v2\/posts\/184\/revisions"}],"predecessor-version":[{"id":193,"href":"https:\/\/qrofradia.com\/index.php\/wp-json\/wp\/v2\/posts\/184\/revisions\/193"}],"wp:attachment":[{"href":"https:\/\/qrofradia.com\/index.php\/wp-json\/wp\/v2\/media?parent=184"}],"wp:term":[{"taxonomy":"category","embeddable":true,"href":"https:\/\/qrofradia.com\/index.php\/wp-json\/wp\/v2\/categories?post=184"},{"taxonomy":"post_tag","embeddable":true,"href":"https:\/\/qrofradia.com\/index.php\/wp-json\/wp\/v2\/tags?post=184"}],"curies":[{"name":"wp","href":"https:\/\/api.w.org\/{rel}","templated":true}]}}