{"id":166,"date":"2023-12-11T00:37:04","date_gmt":"2023-12-11T00:37:04","guid":{"rendered":"https:\/\/qrofradia.com\/?p=166"},"modified":"2025-04-30T01:27:39","modified_gmt":"2025-04-30T01:27:39","slug":"historia-de-la-liturgia-de-las-horas-ii","status":"publish","type":"post","link":"https:\/\/qrofradia.com\/index.php\/2023\/12\/11\/historia-de-la-liturgia-de-las-horas-ii\/","title":{"rendered":"Historia de la liturgia de las horas (II)"},"content":{"rendered":"\n<p>Los influjos grecorromanos fueron un factor importante en la formaci\u00f3n inicial de la Liturgia de las Horas. Estos influjos se manifestaron tanto en la estructura y el horario de la oraci\u00f3n como en su contenido y estilo. Sin embargo, estos elementos se integraron en un contexto cristiano, transform\u00e1ndose para expresar su fe y espiritualidad.<\/p>\n\n\n<div class=\"wp-block-aioseo-table-of-contents\"><ul><li><a class=\"aioseo-toc-item\" href=\"#aioseo-influencias-en-la-estructura-y-el-horario\">Influencias en la estructura y el horario<\/a><\/li><li><a class=\"aioseo-toc-item\" href=\"#aioseo-influencias-en-el-contenido\">Influencias en el contenido<\/a><\/li><li><a class=\"aioseo-toc-item\" href=\"#aioseo-adaptacion-y-transformacion\">Adaptaci\u00f3n y transformaci\u00f3n<\/a><\/li><\/ul><\/div>\n\n\n<figure class=\"wp-block-image size-large\"><img decoding=\"async\" src=\"https:\/\/musicaliturgia.wordpress.com\/wp-content\/uploads\/2015\/01\/horas1.jpg\" alt=\"\"\/><\/figure>\n\n\n\n<h4 class=\"wp-block-heading\" id=\"aioseo-influencias-en-la-estructura-y-el-horario\">Influencias en la estructura y el horario<\/h4>\n\n\n\n<ul class=\"wp-block-list\">\n<li><strong>Horas del d\u00eda<\/strong>: La divisi\u00f3n del d\u00eda en diferentes horas para orar se origina en la pr\u00e1ctica romana. Aunque estas divisiones (prima, tercia, sexta y nona) no coinciden exactamente con las horas de oraci\u00f3n jud\u00edas, influyeron en la forma en que los cristianos estructuraron sus propios momentos de oraci\u00f3n.<\/li>\n\n\n\n<li><strong>Oraci\u00f3n p\u00fablica<\/strong>: La costumbre de realizar oraciones p\u00fablicas en momentos espec\u00edficos del d\u00eda tambi\u00e9n tiene paralelos en la cultura grecorromana; en ella se llevaban a cabo ceremonias y rituales religiosos en horarios determinados.<\/li>\n<\/ul>\n\n\n\n<h4 class=\"wp-block-heading\" id=\"aioseo-influencias-en-el-contenido\">Influencias en el contenido<\/h4>\n\n\n\n<ul class=\"wp-block-list\">\n<li><strong>Lenguaje y estilo<\/strong>: Se debe a que los primeros cristianos utilizaban el griego como lengua principal en sus liturgias. Adem\u00e1s, algunas de las formas literarias y ret\u00f3ricas utilizadas en las oraciones tienen sus or\u00edgenes en la tradici\u00f3n grecorromana.<\/li>\n\n\n\n<li><strong>Filosof\u00eda y espiritualidad<\/strong>: Algunas de las ideas filos\u00f3ficas y espirituales presentes en la cultura grecorromana, como la importancia de la contemplaci\u00f3n y la b\u00fasqueda de la trascendencia, tambi\u00e9n influyeron en el desarrollo de la Liturgia de las Horas.<\/li>\n<\/ul>\n\n\n\n<h4 class=\"wp-block-heading\" id=\"aioseo-adaptacion-y-transformacion\">Adaptaci\u00f3n y transformaci\u00f3n<\/h4>\n\n\n\n<p>Es importante tener en cuenta que los influjos grecorromanos no se adoptaron de forma pasiva, sino que se adaptaron y transformaron para integrarse en la cosmovisi\u00f3n cristiana. Los primeros cristianos tomaron elementos de su entorno cultural, pero los reinterpretaron y los pusieron al servicio de su fe.<\/p>\n","protected":false},"excerpt":{"rendered":"<p>Los influjos grecorromanos fueron un factor importante en la formaci\u00f3n inicial de la Liturgia de las Horas. Estos influjos se manifestaron tanto en la estructura y el horario de la oraci\u00f3n como en su contenido y estilo. Sin embargo, estos elementos se integraron en un contexto cristiano, transform\u00e1ndose para expresar su fe y espiritualidad. Influencias [&hellip;]<\/p>\n","protected":false},"author":1,"featured_media":0,"comment_status":"open","ping_status":"open","sticky":false,"template":"","format":"standard","meta":{"om_disable_all_campaigns":false,"_monsterinsights_skip_tracking":false,"_monsterinsights_sitenote_active":false,"_monsterinsights_sitenote_note":"","_monsterinsights_sitenote_category":0,"footnotes":""},"categories":[14,8,21],"tags":[15,11,23,22],"class_list":["post-166","post","type-post","status-publish","format-standard","hentry","category-espiritualidad-carmelitana","category-formacion","category-liturgia","tag-espiritualidad-carmelitana","tag-formacion-carmelitana","tag-liturgia","tag-liturgia-de-las-horas"],"aioseo_notices":[],"_links":{"self":[{"href":"https:\/\/qrofradia.com\/index.php\/wp-json\/wp\/v2\/posts\/166","targetHints":{"allow":["GET"]}}],"collection":[{"href":"https:\/\/qrofradia.com\/index.php\/wp-json\/wp\/v2\/posts"}],"about":[{"href":"https:\/\/qrofradia.com\/index.php\/wp-json\/wp\/v2\/types\/post"}],"author":[{"embeddable":true,"href":"https:\/\/qrofradia.com\/index.php\/wp-json\/wp\/v2\/users\/1"}],"replies":[{"embeddable":true,"href":"https:\/\/qrofradia.com\/index.php\/wp-json\/wp\/v2\/comments?post=166"}],"version-history":[{"count":3,"href":"https:\/\/qrofradia.com\/index.php\/wp-json\/wp\/v2\/posts\/166\/revisions"}],"predecessor-version":[{"id":175,"href":"https:\/\/qrofradia.com\/index.php\/wp-json\/wp\/v2\/posts\/166\/revisions\/175"}],"wp:attachment":[{"href":"https:\/\/qrofradia.com\/index.php\/wp-json\/wp\/v2\/media?parent=166"}],"wp:term":[{"taxonomy":"category","embeddable":true,"href":"https:\/\/qrofradia.com\/index.php\/wp-json\/wp\/v2\/categories?post=166"},{"taxonomy":"post_tag","embeddable":true,"href":"https:\/\/qrofradia.com\/index.php\/wp-json\/wp\/v2\/tags?post=166"}],"curies":[{"name":"wp","href":"https:\/\/api.w.org\/{rel}","templated":true}]}}