{"id":114,"date":"2022-08-18T20:14:44","date_gmt":"2022-08-18T20:14:44","guid":{"rendered":"https:\/\/qrofradia.com\/?p=114"},"modified":"2022-08-20T03:13:41","modified_gmt":"2022-08-20T03:13:41","slug":"santoral-carmelita-agosto","status":"publish","type":"post","link":"https:\/\/qrofradia.com\/index.php\/2022\/08\/18\/santoral-carmelita-agosto\/","title":{"rendered":"SANTORAL CARMELITA. AGOSTO"},"content":{"rendered":"<p style=\"text-align: center;\"><strong>7 de agosto<\/strong><\/p>\n<p style=\"text-align: center;\">SAN ALBERTO DE TR\u00c1PANI, PRESB\u00cdTERO<\/p>\n<p style=\"text-align: center;\">OCarm: Fiesta &#8211; OCD: Memoria obligatoria<\/p>\n<p><img loading=\"lazy\" decoding=\"async\" class=\"size-full wp-image-117 alignright\" src=\"https:\/\/qrofradia.com\/wp-content\/uploads\/2022\/08\/SAN-ALBERTO-DE-TRAPANI-PRESBITERO.jpg\" alt=\"\" width=\"205\" height=\"246\"><\/p>\n<p style=\"text-align: justify;\">Siciliano de nacimiento, entr\u00f3 en los carmelitas todav\u00eda joven. Se distingui\u00f3 por su fogosidad en la predicaci\u00f3n y por sus milagros, que han dejado amplia huella en las leyendas y tradiciones populares de Sicilia. Se le representa con una azucena en la mano, s\u00edmbolo de su amor a la pureza. Muri\u00f3 el 7 de agosto de 1307 y sus reliquias fueron dispersadas por toda Europa para bendecir el agua de san Alberto, empleada contra la fiebre en tiempos pasados<\/p>\n<p style=\"text-align: center;\"><strong>9 de agosto<\/strong><\/p>\n<p>SANTA TERESA BENEDICTA DE LA CRUZ (Edith Stein), VIRGEN Y M\u00c1RTIR, PATRONA DE EUROPA<\/p>\n<p style=\"text-align: justify;\">OCarm: Memoria libre &#8211; OCD: Memoria obligatoria (En Europa: Fiesta)<\/p>\n<p><img loading=\"lazy\" decoding=\"async\" class=\"size-full wp-image-118 alignleft\" src=\"https:\/\/qrofradia.com\/wp-content\/uploads\/2022\/08\/SANTA-TERESA-BENEDICTA-DE-LA-CRUZ-Edith-Stein-VIRGEN-Y-MARTIR-PATRONA-DE-EUROPA.jpg\" alt=\"\" width=\"259\" height=\"194\"><\/p>\n<p style=\"text-align: justify;\">Edith Stein naci\u00f3 en Breslau el 12 de octubre de 1891, en el seno de una familia hebrea. Apasionada buscadora de la verdad a trav\u00e9s de profundos estudios filos\u00f3ficos, la hall\u00f3 en la lectura de la Autobiograf\u00eda de santa Teresa de Jes\u00fas. En 1922 recibi\u00f3 el bautismo en la Iglesia cat\u00f3lica y en 1933 entr\u00f3 en el Carmelo de Colonia. Buscada por los nazis por su condici\u00f3n jud\u00eda, detenida y llevada al campo de concentraci\u00f3n de Auschwitz, ofreci\u00f3 su vida por el pueblo de Israel, al que pertenec\u00eda y amaba. Muri\u00f3 en los hornos crematorios el 9 de agosto de 1942. Mujer se singular inteligencia y cultura, ha dejado numerosos escritos de elevada doctrina y honda espiritualidad.<\/p>\n<p style=\"text-align: center;\"><strong>18 de agosto<\/strong><\/p>\n<p>BEATOS JUAN BAUTISTA DUVERNEIL, MIGUEL LUIS BRULARD Y SANTIAGO GAGNOT, PRESB\u00cdTEROS Y M\u00c1RTIRES<\/p>\n<p>OCD: Memoria libre<\/p>\n<p><img loading=\"lazy\" decoding=\"async\" class=\"wp-image-116 aligncenter\" src=\"https:\/\/qrofradia.com\/wp-content\/uploads\/2022\/08\/BEATOS-JUAN-BAUTISTA-DUVERNEIL-MIGUEL-LUIS-BRULARD-Y-SANTIAGO-GAGNOT-PRESBITEROS-Y-MARTIRES.jpg\" alt=\"\" width=\"380\" height=\"213\"><\/p>\n<p style=\"text-align: justify;\">Juan Bautista Duverneil, Miguel Luis Brulard y Santiago Gagnot, los tres, por diversos caminos, siguieron la llamada al Carmelo Descalzo. Su vida fue una generosa preparaci\u00f3n para afrontar su futuro martirio. Por su fidelidad a Dios, a la Iglesia y al papa, fueron objeto de hostigamiento, condena y prisi\u00f3n. Hacinados con otros muchos compa\u00f1eros en un barco negrero, sufrieron toda clase de penalidades, privaciones e injurias. En esa situaci\u00f3n ejercitaron con los dem\u00e1s prisioneros los actos m\u00e1s delicados de caridad. Agotados por los sufrimientos f\u00edsicos y morales, consumaron su martirio.<\/p>\n<p style=\"text-align: center;\"><strong>25 de agosto<\/strong><\/p>\n<p>BEATA MAR\u00cdA DE JES\u00daS CRUCIFICADO, BAOUARDY, VIRGEN<\/p>\n<p>OCarm y OCD: Memoria libre<\/p>\n<p><img loading=\"lazy\" decoding=\"async\" class=\"size-full wp-image-115 alignleft\" src=\"https:\/\/qrofradia.com\/wp-content\/uploads\/2022\/08\/BEATA-MARIA-DE-JESUS-CRUCIFICADO-BAOUARDY-VIRGEN.jpg\" alt=\"\" width=\"120\" height=\"200\"><\/p>\n<p style=\"text-align: justify;\">Naci\u00f3 en un pueblecito cerca de Nazaret (Galilea), el 5 de enero de 1846. Desde muy ni\u00f1a, hizo voto de virginidad. Ingres\u00f3 en el Carmelo de Pau (Francia) en 1867. Profes\u00f3 en la India el 21 de octubre de 1871. Sobresali\u00f3 por su vida humilde y de oraci\u00f3n. Muri\u00f3 el 26 de agosto de 1878. Fue beatificada por Juan Pablo II el 13 de noviembre de 1983.<\/p>\n<p style=\"text-align: center;\"><strong>26 de agosto<\/strong><\/p>\n<p>TRANSVERBERACI\u00d3N DEL CORAZ\u00d3N DE SANTA TERESA DE JES\u00daS (MADRE NUESTRA)<\/p>\n<p>OCD Religiosas: Memoria obligatoria &#8211; OCD Padres: Memoria libre<\/p>\n<p><img loading=\"lazy\" decoding=\"async\" class=\"alignnone size-full wp-image-119\" src=\"https:\/\/qrofradia.com\/wp-content\/uploads\/2022\/08\/TRANSVERBERACION-DEL-CORAZON-DE-SANTA-TERESA-DE-JESUS-MADRE-NUESTRA.jpg\" alt=\"\" width=\"279\" height=\"181\"><\/p>\n<p style=\"text-align: justify;\">La liturgia del Carmelo Teresiano recuerda hoy la Transverberaci\u00f3n de la Santa Madre Teresa de Jes\u00fas. La escena, inmortalizada por Bernini en la iglesia de Santa Mar\u00eda de la Victoria en Roma, nos la cuenta ella misma en el libro de su Vida: \u00abVe\u00eda un \u00e1ngel cabe m\u00ed hacia el lado izquierdo, en forma corporal&#8230; Ve\u00edale en las manos un dardo de oro largo, y al fin del hierro me parec\u00eda tener un poco de fuego. Este me parec\u00eda meter por el coraz\u00f3n algunas veces y que me llegaba a las entra\u00f1as. Al sacarle, me parec\u00eda las llevaba consigo, y me dejaba toda abrasada en amor grande de Dios&#8230; Es un requiebro tan suave que pasa entre el alma y Dios, que suplico yo a su bondad lo d\u00e9 a gustar a quien pensare que miento\u00bb.<\/p>\n<p>FUENTE: Tomado del breviario carmelitano;<\/p>\n<p>im\u00e1ganes (por orden de presentaci\u00f3n):<\/p>\n<p>https:\/\/m.facebook.com\/3354478651264891<\/p>\n<blockquote class=\"wp-embedded-content\" data-secret=\"gPXtK4VK8f\"><p><a href=\"https:\/\/misionerosdigitales.com\/celebraciones-santos\/santa-teresa-benedicta-la-cruz-edith-stein\/\">Santa Teresa Benedicta de la Cruz (Edith Stein)<\/a><\/p><\/blockquote>\n<p><iframe loading=\"lazy\" class=\"wp-embedded-content\" sandbox=\"allow-scripts\" security=\"restricted\" style=\"position: absolute; visibility: hidden;\" title=\"&#8220;Santa Teresa Benedicta de la Cruz (Edith Stein)&#8221; &#8212; Misioneros Digitales Cat\u00f3licos MDC\" src=\"https:\/\/misionerosdigitales.com\/celebraciones-santos\/santa-teresa-benedicta-la-cruz-edith-stein\/embed\/#?secret=yOKctEXBRd#?secret=gPXtK4VK8f\" data-secret=\"gPXtK4VK8f\" width=\"580\" height=\"327\" frameborder=\"0\" marginwidth=\"0\" marginheight=\"0\" scrolling=\"no\"><\/iframe><\/p>\n<p>https:\/\/carmelitassantos.blogspot.com\/2016\/08\/beatos-juan-bautista-miguel-luis-y.html<\/p>\n<p>http:\/\/santosocd.blogspot.com\/2007\/07\/beata-rabe-mara-de-jess-crucificado.html<\/p>\n<blockquote class=\"wp-embedded-content\" data-secret=\"0q1eehi6vB\"><p><a href=\"https:\/\/liturgiaconespiritu.org\/2020\/08\/26\/el-alma-tengo-abrasada-en-la-transverberacion-del-corazon-de-santa-teresa-de-jesus\/\">\u00abEl alma tengo abrasada\u00bb. En la Transverberaci\u00f3n del coraz\u00f3n de Santa Teresa de&nbsp;Jes\u00fas<\/a><\/p><\/blockquote>\n<p><iframe loading=\"lazy\" class=\"wp-embedded-content\" sandbox=\"allow-scripts\" security=\"restricted\" style=\"position: absolute; visibility: hidden;\" title=\"\u00ab\u00abEl alma tengo abrasada\u00bb. En la Transverberaci\u00f3n del coraz\u00f3n de Santa Teresa de&nbsp;Jes\u00fas\u00bb \u2014 Liturgia con Esp\u00edritu\" src=\"https:\/\/liturgiaconespiritu.org\/2020\/08\/26\/el-alma-tengo-abrasada-en-la-transverberacion-del-corazon-de-santa-teresa-de-jesus\/embed\/#?secret=DRIxaJKis0#?secret=0q1eehi6vB\" data-secret=\"0q1eehi6vB\" width=\"580\" height=\"327\" frameborder=\"0\" marginwidth=\"0\" marginheight=\"0\" scrolling=\"no\"><\/iframe><\/p>\n<p>Cont\u00e1ctanos info@qrofrad\u00eda.com<\/p>\n","protected":false},"excerpt":{"rendered":"<p>7 de agosto SAN ALBERTO DE TR\u00c1PANI, PRESB\u00cdTERO OCarm: Fiesta &#8211; OCD: Memoria obligatoria Siciliano de nacimiento, entr\u00f3 en los carmelitas todav\u00eda joven. Se distingui\u00f3 por su fogosidad en la predicaci\u00f3n y por sus milagros, que han dejado amplia huella en las leyendas y tradiciones populares de Sicilia. Se le representa con una azucena en [&hellip;]<\/p>\n","protected":false},"author":1,"featured_media":0,"comment_status":"open","ping_status":"open","sticky":false,"template":"","format":"standard","meta":{"om_disable_all_campaigns":false,"_monsterinsights_skip_tracking":false,"_monsterinsights_sitenote_active":false,"_monsterinsights_sitenote_note":"","_monsterinsights_sitenote_category":0,"footnotes":""},"categories":[14],"tags":[15],"class_list":["post-114","post","type-post","status-publish","format-standard","hentry","category-espiritualidad-carmelitana","tag-espiritualidad-carmelitana"],"aioseo_notices":[],"_links":{"self":[{"href":"https:\/\/qrofradia.com\/index.php\/wp-json\/wp\/v2\/posts\/114","targetHints":{"allow":["GET"]}}],"collection":[{"href":"https:\/\/qrofradia.com\/index.php\/wp-json\/wp\/v2\/posts"}],"about":[{"href":"https:\/\/qrofradia.com\/index.php\/wp-json\/wp\/v2\/types\/post"}],"author":[{"embeddable":true,"href":"https:\/\/qrofradia.com\/index.php\/wp-json\/wp\/v2\/users\/1"}],"replies":[{"embeddable":true,"href":"https:\/\/qrofradia.com\/index.php\/wp-json\/wp\/v2\/comments?post=114"}],"version-history":[{"count":4,"href":"https:\/\/qrofradia.com\/index.php\/wp-json\/wp\/v2\/posts\/114\/revisions"}],"predecessor-version":[{"id":129,"href":"https:\/\/qrofradia.com\/index.php\/wp-json\/wp\/v2\/posts\/114\/revisions\/129"}],"wp:attachment":[{"href":"https:\/\/qrofradia.com\/index.php\/wp-json\/wp\/v2\/media?parent=114"}],"wp:term":[{"taxonomy":"category","embeddable":true,"href":"https:\/\/qrofradia.com\/index.php\/wp-json\/wp\/v2\/categories?post=114"},{"taxonomy":"post_tag","embeddable":true,"href":"https:\/\/qrofradia.com\/index.php\/wp-json\/wp\/v2\/tags?post=114"}],"curies":[{"name":"wp","href":"https:\/\/api.w.org\/{rel}","templated":true}]}}