{"id":1,"date":"2022-07-16T16:06:51","date_gmt":"2022-07-16T16:06:51","guid":{"rendered":"https:\/\/qrofradia.com\/?p=1"},"modified":"2022-08-15T20:41:05","modified_gmt":"2022-08-15T20:41:05","slug":"hola-mundo","status":"publish","type":"post","link":"https:\/\/qrofradia.com\/index.php\/2022\/07\/16\/hola-mundo\/","title":{"rendered":"EL ESCUDO CARMELITANO"},"content":{"rendered":"\n<p>El Escudo Carmelitano es un emblema verdaderamente bello por su sencillez, c\u00e9lebre por su antig\u00fcedad y sagrado por su significado. La representaci\u00f3n del escudo carmelita aparece por primera vez hacia finales del siglo XV, en el 1499, en la cubierta de un libro sobre la vida de San Alberto, carmelita. Con la reforma el escudo carmelita tuvo dos dise\u00f1os, el usado por los Calzados y el usado por los Descalzos. Ambos mantienen la misma simbolog\u00eda con peque\u00f1as modificaciones.<\/p>\n\n\n\n<p>All\u00ed el s\u00edmbolo gr\u00e1fico aparece bajo la forma de un &#8220;vexillum&#8221; (ense\u00f1a, estandarte, bandera), que luego fue modific\u00e1ndose en los detalles con el correr de los tiempos, hasta asumir la actual forma de escudo her\u00e1ldico.<\/p>\n\n\n\n<p>No ha existido nunca una explicaci\u00f3n oficial del mismo, aunque s\u00ed ha tenido varias interpretaciones, sin embargo, exponemos la que nos parece m\u00e1s adecuada conforme a lo que hemos revisado, destacando los siguientes elementos:<\/p>\n\n\n\n<p><strong>UNA MONTA\u00d1A:<\/strong> Una monta\u00f1a estilizada de color marr\u00f3n, con las laderas redondeadas, y cuya cima se proyecta hacia el cielo. Se refiere al Monte Carmelo, lugar de origen de la Orden del Carmen. El Monte Carmelo se encuentra en Haifa en Israel. En el siglo noveno antes de Cristo, vivi\u00f3 aqu\u00ed el profeta El\u00edas. En el mismo lugar, a finales del siglo doce despu\u00e9s de Cristo, algunos eremitas, inspirados en el profeta El\u00edas se agruparon &#8220;para vivir en obsequio de Jesucristo&#8221; (Regla Carmelita n. 2). Los espacios en blanco simbolizan, en conjunto con la c\u00faspide marr\u00f3n, el h\u00e1bito Carmelita. En el escudo de los Carmelitas Descalzos, esta monta\u00f1a culmina en forma de cruz, refiri\u00e9ndose al caminar de los Carmelitas hacia el encuentro con Jes\u00fas (la cual fue agregada por San Juan de la Cruz).<\/p>\n\n\n\n<p><strong>Campo Blanco:<\/strong>&nbsp;Mar\u00eda, nubecilla Eliana, capa blanca, vestido blanco que llev\u00f3 en la tierra la Virgen Mar\u00eda, El\u00edas, vida de castidad, pureza de coraz\u00f3n, manto que dej\u00f3 El\u00edas a Eliseo antes de ser arrebatado por Dios en el carro de fuego (Leer el libro&nbsp;&nbsp;primero de los Reyes, AT).<\/p>\n\n\n\n<p><strong>Campo marr\u00f3n:<\/strong><strong>&nbsp;<\/strong>habito, Mar\u00eda, Monte Carmelo, Vestido marr\u00f3n que seg\u00fan la tradici\u00f3n llev\u00f3 en vida la Sant\u00edsima Virgen, Vida humilde y mortificada, escapulario, Esp\u00edritu de oraci\u00f3n y contemplaci\u00f3n, manto de Mar\u00eda, capucha del h\u00e1bito carmelita, austeridad, pobreza y esp\u00edritu de renuncia.<\/p>\n\n\n\n<p><strong>La cruz del monte:&nbsp;<\/strong>Amor a la cruz de los primeros carmelitas, por dos dichos de Santa Teresa; Por San Juan de la Cruz; Escalera para llegar al cielo; Mortificaci\u00f3n.<\/p>\n\n\n\n<p><strong>TRES ESTRELLAS:<\/strong> Las tres estrellas en general: Los estados hist\u00f3ricos del Carmelo; memoria, entendimiento y voluntad; Mar\u00eda; los tres votos; Se\u00f1al de distinci\u00f3n de la Reforma Mantuana; Las tres virtudes teologales; las tres ramas de la Orden: frailes, monjas y seglares.<\/p>\n\n\n\n<p>Son tres estrellas de seis puntas, de las cu\u00e1les, una es de plata en el centro de la monta\u00f1a y las otras de oro dispuestas sim\u00e9tricamente en el cielo de color blanco, a la derecha e izquierda de las laderas de la monta\u00f1a. La estrella inferior representa a los carmelitas todav\u00eda en camino hacia la cima del Monte Carmelo, mientras las otras dos estrellas superiores representan a los Carmelitas que han terminado su peregrinaci\u00f3n y &#8220;han culminado la santa monta\u00f1a&#8221; (Misal Carmelita, 1980, Colecta de la Misa Solemne de la B. Virgen Mar\u00eda del Monte Carmelo).<\/p>\n\n\n\n<p>Tambi\u00e9n tienen la siguiente interpretaci\u00f3n: La estrella inferior, de color blanco, representa a la Sant\u00edsima Virgen, protectora de la Orden; mientras las otras dos estrellas, de color dorado, representan a los profetas El\u00edas y Eliseo.<\/p>\n\n\n\n<p><strong>Las estrellas del campo blanco:<\/strong>&nbsp;Los pechos de Mar\u00eda (de donde se ha de alimentar la espiritualidad carmelitana); las dos naturalezas de Cristo; los dos estados posteriores de la Orden, los carmelitas que gloriosos moran en el cielo, El\u00edas y Eliseo; Virginidad y maternidad de Mar\u00eda; El doble esp\u00edritu de El\u00edas, soledad y apostolado.<\/p>\n\n\n\n<p><strong>Las estrellas del campo negro:&nbsp;<\/strong>Los siete dolores de Mar\u00eda; el vientre de Mar\u00eda; El\u00edas; los carmelitas que militan en la tierra, la santidad de los carmelitas, la Orden.<\/p>\n\n\n\n<p><strong>UNA CORONA:<\/strong> La corona de oro representa el Reino de Dios. \u00c9l es el Soberano supremo del Carmelo. En efecto, los Carmelitas tratan de &#8220;servirle fielmente con coraz\u00f3n puro y buena conciencia&#8221; (Regla Carmelita n. 2) y tienen por vocaci\u00f3n &#8220;implantar y robustecer en las almas el reino de Cristo y extenderlo por el ancho mundo&#8221; (Constituciones O.Carm., n. 5 ). Para cumplir este servicio a Dios los Carmelitas se inspiran en las figuras del profeta El\u00edas y de la Virgen Mar\u00eda (cf. Constituciones O.Carm., n. 25).<\/p>\n\n\n\n<p><strong>UN BRAZO CON UNA ESPADA DE FUEGO Y UNA BANDA CON UNA CITA:<\/strong> El origen eliano de la Orden est\u00e1 simbolizado con el brazo de El\u00edas, teniendo una espada de fuego, y una banda con una inscripci\u00f3n en lat\u00edn: &#8220;Zelo zelatus sum pro Domino Deo exercituum&#8221; (Ardo de celo por el Se\u00f1or Dios de los ej\u00e9rcitos [1 Re 19,10]). El brazo y la espada muestran, tambi\u00e9n ellos, la pasi\u00f3n ardiente de El\u00edas por el Absoluto de Dios, cuya &#8220;palabra ard\u00eda como antorcha&#8221; (Sir 48,1). Para los Carmelitas &#8220;El\u00edas es el profeta solitario que cultiva la sed del \u00fanico Dios y vive en su presencia&#8221; (Constituciones O.Carm., n. 26). Como \u00e9l, ellos llevan &#8220;la espada del Esp\u00edritu, que es la palabra de Dios&#8221; (Regla Carmelita n. 19). En el escudo de los Carmelitas Calzados dice: \u201cServir a Cristo e imitar a Mar\u00eda en el esp\u00edritu de El\u00edas\u201d.<\/p>\n\n\n\n<p><strong>DOCE ESTRELLAS:<\/strong> La \u00edndole mariana de la Orden est\u00e1 simbolizada en las doce estrellas que recuerdan la aparici\u00f3n de &#8220;una mujer vestida de sol, con la luna bajo sus pies y en su cabeza una corona de doce estrellas&#8221; (Apoc 12,1). En la Virgen Mar\u00eda, Madre de Dios, &#8220;los Carmelitas encuentran la imagen perfecta de todo aquello que desean y esperan ser&#8221;. Para ellos Mar\u00eda es Patrona, Madre y Hermana (cf. Constituciones O.Carm. n. 27) y ellos son &#8220;los hermanos de la Beata Virgen Mar\u00eda del Monte Carmelo&#8221; (Constituciones O.Carm., n. 6). Adem\u00e1s, simbolizan los doce grandes favores y gracias que concedi\u00f3 la Virgen a su orden y de manera especial, los doce privilegios y gracias singulares con el que el Se\u00f1or ensalz\u00f3 a Mar\u00eda.<\/p>\n\n\n\n<p>Sobre todas las interpretaciones, tan distintas entre s\u00ed, podemos destacar un punto en com\u00fan para todas: Esp\u00edritu Eliano y Mariano de la Orden. Adicionalmente se pueden encontrar s\u00edmbolos a\u00f1adidos: En varias Provincias de la Orden, ya desde el siglo XVII, se le adjunta al escudo una cruz en el v\u00e9rtice de la monta\u00f1a: por ejemplo en la Provincia de Castilla en Espa\u00f1a (y los Carmelitas Descalzos desde el siglo XVII). La Provincia de Sicilia colocaba la cruz de la Tierra Santa. Otras veces se encuentra a los lados de la monta\u00f1a un lirio y una palma, s\u00edmbolos que representan a San Alberto de Tr\u00e1pani y a San \u00c1ngelo M\u00e1rtir, los primeros dos santos de la Orden del Carmen.<\/p>\n\n\n\n<figure class=\"wp-block-image size-full\"><img loading=\"lazy\" decoding=\"async\" width=\"502\" height=\"502\" src=\"https:\/\/qrofradia.com\/wp-content\/uploads\/2022\/07\/escudo-carmelita-ocd.jpg\" alt=\"\" class=\"wp-image-100\" srcset=\"https:\/\/qrofradia.com\/wp-content\/uploads\/2022\/07\/escudo-carmelita-ocd.jpg 502w, https:\/\/qrofradia.com\/wp-content\/uploads\/2022\/07\/escudo-carmelita-ocd-300x300.jpg 300w, https:\/\/qrofradia.com\/wp-content\/uploads\/2022\/07\/escudo-carmelita-ocd-150x150.jpg 150w\" sizes=\"auto, (max-width: 502px) 100vw, 502px\" \/><figcaption>Fig. 1 Escudo de Orden de Carmelitas Descalzos <\/figcaption><\/figure>\n\n\n\n<figure class=\"wp-block-image size-large\"><img loading=\"lazy\" decoding=\"async\" width=\"869\" height=\"1024\" src=\"https:\/\/qrofradia.com\/wp-content\/uploads\/2022\/07\/escudo-carmelita-ocarm-869x1024.jpg\" alt=\"\" class=\"wp-image-99\" srcset=\"https:\/\/qrofradia.com\/wp-content\/uploads\/2022\/07\/escudo-carmelita-ocarm-869x1024.jpg 869w, https:\/\/qrofradia.com\/wp-content\/uploads\/2022\/07\/escudo-carmelita-ocarm-255x300.jpg 255w, https:\/\/qrofradia.com\/wp-content\/uploads\/2022\/07\/escudo-carmelita-ocarm-768x905.jpg 768w, https:\/\/qrofradia.com\/wp-content\/uploads\/2022\/07\/escudo-carmelita-ocarm-1304x1536.jpg 1304w, https:\/\/qrofradia.com\/wp-content\/uploads\/2022\/07\/escudo-carmelita-ocarm-1200x1414.jpg 1200w, https:\/\/qrofradia.com\/wp-content\/uploads\/2022\/07\/escudo-carmelita-ocarm.jpg 1358w\" sizes=\"auto, (max-width: 869px) 100vw, 869px\" \/><figcaption>Fig. 2 Escudo de Orden de Carmelitas (<em>Calzados<\/em>)<\/figcaption><\/figure>\n\n\n\n<p>FUENTES:<\/p>\n\n\n\n<p><a href=\"https:\/\/www.colegiocarmelitas.net\/con%C3%B3cenos\/nuestro-escudo\">https:\/\/www.colegiocarmelitas.net\/con%C3%B3cenos\/nuestro-escudo<\/a><\/p>\n\n\n\n<p><a href=\"https:\/\/colegiocarmelitascumana.es.tl\/Escudo-Carmelita.htm\">https:\/\/colegiocarmelitascumana.es.tl\/Escudo-Carmelita.htm<\/a><\/p>\n\n\n\n<p><a href=\"https:\/\/carmelitasecija.es.tl\/ESCUDO-CARMELITA.htm\">https:\/\/carmelitasecija.es.tl\/ESCUDO-CARMELITA.htm<\/a><\/p>\n\n\n\n<p><a href=\"https:\/\/www.portalcarmelitano.org\/articulos\/familia-carmelitana\/73-orden-de-carmelitas-descalzos\/593-el-escudo-de-los-carmelitas-descalzos.html\">https:\/\/www.portalcarmelitano.org\/articulos\/familia-carmelitana\/73-orden-de-carmelitas-descalzos\/593-el-escudo-de-los-carmelitas-descalzos.html<\/a><\/p>\n","protected":false},"excerpt":{"rendered":"<p>El Escudo Carmelitano es un emblema verdaderamente bello por su sencillez, c\u00e9lebre por su antig\u00fcedad y sagrado por su significado. La representaci\u00f3n del escudo carmelita aparece por primera vez hacia finales del siglo XV, en el 1499, en la cubierta de un libro sobre la vida de San Alberto, carmelita. Con la reforma el escudo [&hellip;]<\/p>\n","protected":false},"author":1,"featured_media":0,"comment_status":"open","ping_status":"open","sticky":false,"template":"","format":"standard","meta":{"om_disable_all_campaigns":false,"_monsterinsights_skip_tracking":false,"_monsterinsights_sitenote_active":false,"_monsterinsights_sitenote_note":"","_monsterinsights_sitenote_category":0,"footnotes":""},"categories":[1],"tags":[10,12,13],"class_list":["post-1","post","type-post","status-publish","format-standard","hentry","category-sin-categoria","tag-cofradia-del-carmen","tag-cofradia-queretaro","tag-orden-de-los-carmelitas-descalzos"],"aioseo_notices":[],"_links":{"self":[{"href":"https:\/\/qrofradia.com\/index.php\/wp-json\/wp\/v2\/posts\/1","targetHints":{"allow":["GET"]}}],"collection":[{"href":"https:\/\/qrofradia.com\/index.php\/wp-json\/wp\/v2\/posts"}],"about":[{"href":"https:\/\/qrofradia.com\/index.php\/wp-json\/wp\/v2\/types\/post"}],"author":[{"embeddable":true,"href":"https:\/\/qrofradia.com\/index.php\/wp-json\/wp\/v2\/users\/1"}],"replies":[{"embeddable":true,"href":"https:\/\/qrofradia.com\/index.php\/wp-json\/wp\/v2\/comments?post=1"}],"version-history":[{"count":3,"href":"https:\/\/qrofradia.com\/index.php\/wp-json\/wp\/v2\/posts\/1\/revisions"}],"predecessor-version":[{"id":101,"href":"https:\/\/qrofradia.com\/index.php\/wp-json\/wp\/v2\/posts\/1\/revisions\/101"}],"wp:attachment":[{"href":"https:\/\/qrofradia.com\/index.php\/wp-json\/wp\/v2\/media?parent=1"}],"wp:term":[{"taxonomy":"category","embeddable":true,"href":"https:\/\/qrofradia.com\/index.php\/wp-json\/wp\/v2\/categories?post=1"},{"taxonomy":"post_tag","embeddable":true,"href":"https:\/\/qrofradia.com\/index.php\/wp-json\/wp\/v2\/tags?post=1"}],"curies":[{"name":"wp","href":"https:\/\/api.w.org\/{rel}","templated":true}]}}